{"id":21639,"date":"2025-02-27T21:28:13","date_gmt":"2025-02-27T21:28:13","guid":{"rendered":"http:\/\/staging.ibermusicas.org\/?p=21639"},"modified":"2025-03-27T17:50:31","modified_gmt":"2025-03-27T17:50:31","slug":"insax-de-costa-rica-se-presentara-en-el-guatemala-jazz-festival","status":"publish","type":"post","link":"http:\/\/staging.ibermusicas.org\/index.php\/insax-de-costa-rica-se-presentara-en-el-guatemala-jazz-festival\/","title":{"rendered":"InSax de Costa Rica se presentar\u00e1 en el Guatemala Jazz Festival"},"content":{"rendered":"<p>Con un concierto y una clase maestra, el cuarteto costarricense de saxofones InSax participar\u00e1 del 25 aniversario del Guatemala Jazz Festival, coordinado por el Instituto Guatemalteco Americano (IGA).<\/p>\n<p>&nbsp;<\/p>\n<p>El concierto ser\u00e1 parte de la gira de presentaciones de la nueva producci\u00f3n musical de InSax llamada AbOriginal. Este \u00e1lbum es un tributo a las etnias ind\u00edgenas costarricenses. Las composiciones son una amalgama de melod\u00edas aut\u00e9nticas de las comunidades ind\u00edgenas Cab\u00e9car, Maleku, Guatuso y Ng\u00e4bere. Las grabaciones se realizaron en la zona de cada etnia ind\u00edgena de Costa Rica con cantos interpretados por los mismos habitantes del lugar. Son cantos an\u00f3nimos legados de sus ancestros que en esta oportunidad han sido adaptados y armonizados para cuarteto de saxofones.<\/p>\n<p>&nbsp;<\/p>\n<p>InSax es una agrupacio\u0301n que tiene como objetivo el crear un nuevo tipo de artista costarricense, no so\u0301lo para contribuir con un repertorio totalmente original, sino tambie\u0301n establecer una relacio\u0301n solidaria y comprometida con la comunidad, por medio de uniones estrate\u0301gicas con iniciativas ambientalistas.<\/p>\n<p>&nbsp;<\/p>\n<p>InSax participa en conciertos, festivales, clases magistrales y actividades para mantener y ayudar a las comunidades y reservas ecolo\u0301gicas, siendo un ejemplo para otros artistas en la misio\u0301n de utilizar la mu\u0301sica para mejorar nuestro entorno.<\/p>\n<p>&nbsp;<\/p>\n<p>La presencia de InSax en el Guatemala Jazz Festival se hace posible gracias al apoyo del Programa Iberm\u00fasicas mediante su l\u00ednea de \u201cAyuda a la circulaci\u00f3n de profesionales de la m\u00fasica\u201d, convocatoria 2024.<\/p>\n<p>&nbsp;<\/p>\n<ul>\n<li>5 de marzo 16h: Clase Maestra y 20h Concierto en el Guatemala Jazz Festival 2025, Teatro Dick Smith del Instituto Guatemalteco Americano (IGA)<\/li>\n<\/ul>\n","protected":false},"excerpt":{"rendered":"<p>Con un concierto y una clase maestra, el cuarteto costarricense de saxofones InSax participar\u00e1 del 25 aniversario del Guatemala Jazz Festival, coordinado por el Instituto Guatemalteco Americano (IGA). &nbsp; El concierto ser\u00e1 parte de la gira de presentaciones de la nueva producci\u00f3n musical de InSax llamada AbOriginal. Este \u00e1lbum es un tributo a las etnias [&hellip;]<\/p>\n","protected":false},"author":7,"featured_media":21640,"comment_status":"closed","ping_status":"closed","sticky":false,"template":"","format":"standard","meta":{"footnotes":""},"categories":[53],"tags":[],"class_list":["post-21639","post","type-post","status-publish","format-standard","has-post-thumbnail","hentry","category-noticias-generales"],"lang":"es","translations":{"es":21639},"pll_sync_post":[],"post_mailing_queue_ids":[],"_links":{"self":[{"href":"http:\/\/staging.ibermusicas.org\/index.php\/wp-json\/wp\/v2\/posts\/21639","targetHints":{"allow":["GET"]}}],"collection":[{"href":"http:\/\/staging.ibermusicas.org\/index.php\/wp-json\/wp\/v2\/posts"}],"about":[{"href":"http:\/\/staging.ibermusicas.org\/index.php\/wp-json\/wp\/v2\/types\/post"}],"author":[{"embeddable":true,"href":"http:\/\/staging.ibermusicas.org\/index.php\/wp-json\/wp\/v2\/users\/7"}],"replies":[{"embeddable":true,"href":"http:\/\/staging.ibermusicas.org\/index.php\/wp-json\/wp\/v2\/comments?post=21639"}],"version-history":[{"count":2,"href":"http:\/\/staging.ibermusicas.org\/index.php\/wp-json\/wp\/v2\/posts\/21639\/revisions"}],"predecessor-version":[{"id":21644,"href":"http:\/\/staging.ibermusicas.org\/index.php\/wp-json\/wp\/v2\/posts\/21639\/revisions\/21644"}],"wp:featuredmedia":[{"embeddable":true,"href":"http:\/\/staging.ibermusicas.org\/index.php\/wp-json\/wp\/v2\/media\/21640"}],"wp:attachment":[{"href":"http:\/\/staging.ibermusicas.org\/index.php\/wp-json\/wp\/v2\/media?parent=21639"}],"wp:term":[{"taxonomy":"category","embeddable":true,"href":"http:\/\/staging.ibermusicas.org\/index.php\/wp-json\/wp\/v2\/categories?post=21639"},{"taxonomy":"post_tag","embeddable":true,"href":"http:\/\/staging.ibermusicas.org\/index.php\/wp-json\/wp\/v2\/tags?post=21639"}],"curies":[{"name":"wp","href":"https:\/\/api.w.org\/{rel}","templated":true}]}}