{"id":21642,"date":"2025-02-27T21:46:33","date_gmt":"2025-02-27T21:46:33","guid":{"rendered":"http:\/\/staging.ibermusicas.org\/?p=21642"},"modified":"2025-03-27T17:56:30","modified_gmt":"2025-03-27T17:56:30","slug":"insax-da-costa-rica-se-apresentara-no-festival-de-jazz-da-guatemala","status":"publish","type":"post","link":"http:\/\/staging.ibermusicas.org\/index.php\/insax-da-costa-rica-se-apresentara-no-festival-de-jazz-da-guatemala\/","title":{"rendered":"InSax, da Costa Rica, se apresentar\u00e1 no Festival de Jazz da Guatemala"},"content":{"rendered":"<p>Com um concerto e uma master class, o quarteto de saxofones costarriquenho InSax participar\u00e1 do 25\u00ba anivers\u00e1rio do Guatemala Jazz Festival, coordenado pelo Instituto Guatemalteco Americano (IGA).<\/p>\n<p>&nbsp;<\/p>\n<p>O show far\u00e1 parte da turn\u00ea de apresenta\u00e7\u00f5es da nova produ\u00e7\u00e3o musical do InSax, chamada AbOriginal. Esse \u00e1lbum \u00e9 uma homenagem \u00e0s etnias ind\u00edgenas da Costa Rica. As composi\u00e7\u00f5es s\u00e3o um am\u00e1lgama de melodias aut\u00eanticas das comunidades ind\u00edgenas Cab\u00e9car, Maleku, Guatuso e Ng\u00e4bere. As grava\u00e7\u00f5es foram feitas na \u00e1rea de cada grupo \u00e9tnico ind\u00edgena da Costa Rica com can\u00e7\u00f5es interpretadas pelos pr\u00f3prios habitantes locais. Essas can\u00e7\u00f5es an\u00f4nimas s\u00e3o o legado de seus ancestrais e foram adaptadas e harmonizadas para o quarteto de saxofones.<\/p>\n<p>&nbsp;<\/p>\n<p>InSax \u00e9 um grupo que tem como objetivo criar um novo tipo de artista costarriquenho, n\u00e3o apenas para contribuir com um repert\u00f3rio totalmente original, mas tamb\u00e9m para estabelecer um relacionamento solid\u00e1rio e comprometido com a comunidade, por meio de alian\u00e7as estrat\u00e9gicas com iniciativas ambientais.<\/p>\n<p>&nbsp;<\/p>\n<p>InSax participa de concertos, festivais, master classes e atividades para manter e ajudar comunidades e reservas ecol\u00f3gicas, sendo um exemplo para outros artistas na miss\u00e3o de usar a m\u00fasica para melhorar nosso meio ambiente.<\/p>\n<p>&nbsp;<\/p>\n<p>A presen\u00e7a do InSax no Guatemala Jazz Festival \u00e9 poss\u00edvel gra\u00e7as ao apoio do Programa Iberm\u00fasicas atrav\u00e9s de sua linha de \u201cApoio \u00e0 circula\u00e7\u00e3o de profissionais da m\u00fasica\u201d, chamada 2024.<\/p>\n<p>&nbsp;<\/p>\n<ul>\n<li>5 de mar\u00e7o 16h: Master Class e 20h Concerto no Guatemala Jazz Festival 2025, Teatro Dick Smith do Instituto Guatemalteco Americano (IGA).<\/li>\n<\/ul>\n","protected":false},"excerpt":{"rendered":"<p>Com um concerto e uma master class, o quarteto de saxofones costarriquenho InSax participar\u00e1 do 25\u00ba anivers\u00e1rio do Guatemala Jazz Festival, coordenado pelo Instituto Guatemalteco Americano (IGA). &nbsp; O show far\u00e1 parte da turn\u00ea de apresenta\u00e7\u00f5es da nova produ\u00e7\u00e3o musical do InSax, chamada AbOriginal. Esse \u00e1lbum \u00e9 uma homenagem \u00e0s etnias ind\u00edgenas da Costa Rica. [&hellip;]<\/p>\n","protected":false},"author":7,"featured_media":21640,"comment_status":"closed","ping_status":"closed","sticky":false,"template":"","format":"standard","meta":{"footnotes":""},"categories":[218],"tags":[],"class_list":["post-21642","post","type-post","status-publish","format-standard","has-post-thumbnail","hentry","category-noticias-generales-pt"],"lang":"pt","translations":{"pt":21642},"pll_sync_post":[],"post_mailing_queue_ids":[],"_links":{"self":[{"href":"http:\/\/staging.ibermusicas.org\/index.php\/wp-json\/wp\/v2\/posts\/21642","targetHints":{"allow":["GET"]}}],"collection":[{"href":"http:\/\/staging.ibermusicas.org\/index.php\/wp-json\/wp\/v2\/posts"}],"about":[{"href":"http:\/\/staging.ibermusicas.org\/index.php\/wp-json\/wp\/v2\/types\/post"}],"author":[{"embeddable":true,"href":"http:\/\/staging.ibermusicas.org\/index.php\/wp-json\/wp\/v2\/users\/7"}],"replies":[{"embeddable":true,"href":"http:\/\/staging.ibermusicas.org\/index.php\/wp-json\/wp\/v2\/comments?post=21642"}],"version-history":[{"count":1,"href":"http:\/\/staging.ibermusicas.org\/index.php\/wp-json\/wp\/v2\/posts\/21642\/revisions"}],"predecessor-version":[{"id":21643,"href":"http:\/\/staging.ibermusicas.org\/index.php\/wp-json\/wp\/v2\/posts\/21642\/revisions\/21643"}],"wp:featuredmedia":[{"embeddable":true,"href":"http:\/\/staging.ibermusicas.org\/index.php\/wp-json\/wp\/v2\/media\/21640"}],"wp:attachment":[{"href":"http:\/\/staging.ibermusicas.org\/index.php\/wp-json\/wp\/v2\/media?parent=21642"}],"wp:term":[{"taxonomy":"category","embeddable":true,"href":"http:\/\/staging.ibermusicas.org\/index.php\/wp-json\/wp\/v2\/categories?post=21642"},{"taxonomy":"post_tag","embeddable":true,"href":"http:\/\/staging.ibermusicas.org\/index.php\/wp-json\/wp\/v2\/tags?post=21642"}],"curies":[{"name":"wp","href":"https:\/\/api.w.org\/{rel}","templated":true}]}}