{"id":21645,"date":"2025-02-27T21:48:31","date_gmt":"2025-02-27T21:48:31","guid":{"rendered":"http:\/\/staging.ibermusicas.org\/?p=21645"},"modified":"2025-03-27T17:50:24","modified_gmt":"2025-03-27T17:50:24","slug":"el-guitarrista-peruano-percy-murguia-huillca-inicia-su-especializacion-en-la-ensenanza-musical-para-ninos-en-el-instituto-de-formacion-artistica-jubal-de-la-paz-bolivia","status":"publish","type":"post","link":"http:\/\/staging.ibermusicas.org\/index.php\/el-guitarrista-peruano-percy-murguia-huillca-inicia-su-especializacion-en-la-ensenanza-musical-para-ninos-en-el-instituto-de-formacion-artistica-jubal-de-la-paz-bolivia\/","title":{"rendered":"El guitarrista peruano Percy Murguia Huillca inicia su especializaci\u00f3n en la ense\u00f1anza musical para ni\u00f1os en el Instituto de Formaci\u00f3n Art\u00edstica Jubal de La Paz, Bolivia"},"content":{"rendered":"<p>El Curso de Especializaci\u00f3n en la Ense\u00f1anza Musical para Ni\u00f1os del Instituto de Formaci\u00f3n Art\u00edstica \u00abJubal\u00bb, est\u00e1 dise\u00f1ado para brindar a los profesionales de la m\u00fasica, educadores y pedagogos una formaci\u00f3n s\u00f3lida y especializada en los m\u00e9todos, enfoques y t\u00e9cnicas necesarios para ense\u00f1ar m\u00fasica a ni\u00f1os de diversas edades y niveles de desarrollo.<\/p>\n<p>&nbsp;<\/p>\n<p>Este curso busca proporcionar herramientas pedag\u00f3gicas que fomenten el amor por la m\u00fasica en los m\u00e1s peque\u00f1os, desarrollando sus habilidades musicales de manera creativa, did\u00e1ctica y efectiva. Tambi\u00e9n la especializaci\u00f3n en la ense\u00f1anza musical para ni\u00f1os propiciar\u00e1 la creaci\u00f3n de un m\u00e9todo pr\u00e1ctico de aprendizaje de m\u00fasica andina peruana.<\/p>\n<p>&nbsp;<\/p>\n<p>Percy Murguia Huillca naci\u00f3 en el distrito de Caylloma, provincia Caylloma, regi\u00f3n Arequipa. Es profesional de Artes de la Universidad Nacional de San Agust\u00edn \u2013 Arequipa. Recibi\u00f3 clases magistrales de consagrados maestros como: Ra\u00fal Garc\u00eda Zarate (Per\u00fa), Pepe Torres (Per\u00fa), Eduardo Casta\u00f1era (Argentina), Gabriel Estarellas (Espa\u00f1a), Terry Pazmi\u00f1o (Ecuador), Carlos Barbosa \u2013 Lima (Brasil), Kozo Tate (Jap\u00f3n), Alexis Vallejos (Chile), entre otros. Ha ofrecido conciertos en diferentes regiones del Per\u00fa y en Chile, Ecuador, Venezuela, Colombia, Bolivia, Brasil, M\u00e9xico y Sud\u00e1frica. As\u00ed mismo ofreci\u00f3 destacados conciertos acompa\u00f1ado de la Orquesta Sinf\u00f3nica de Arequipa, Orquesta Sinf\u00f3nica de Lambayeque, Orquesta Sinf\u00f3nica Nacional de Bolivia, Orquesta Filarm\u00f3nica de Toluca \u2013 M\u00e9xico, entre otras. Ha recibido importantes reconocimientos, tales como: Embajador Cultural de la Provincia de Caylloma (2022), Diploma y Medalla de Oro de la Municipalidad Provincial de Arequipa (2016), Diploma y Medalla de Oro del Gobierno Regional de Arequipa (2015), Diploma de Honor del Congreso de la Rep\u00fablica del Per\u00fa (2015) e Hijo Predilecto de la Provincia de Caylloma (2015).<\/p>\n<p>&nbsp;<\/p>\n<p>Percy Murguia Huillca ha sido beneficiado con la \u201cAyuda a la especializaci\u00f3n y el perfeccionamiento art\u00edstico y t\u00e9cnico\u201d del Programa Iberm\u00fasicas en su convocatoria 2024.<\/p>\n<p>&nbsp;<\/p>\n<ul>\n<li>Desde el 5 de marzo de 2025 al 30 de mayo en el Instituto de Formaci\u00f3n Art\u00edstica \u00abJubal de La Paz, Bolivia<\/li>\n<\/ul>\n","protected":false},"excerpt":{"rendered":"<p>El Curso de Especializaci\u00f3n en la Ense\u00f1anza Musical para Ni\u00f1os del Instituto de Formaci\u00f3n Art\u00edstica \u00abJubal\u00bb, est\u00e1 dise\u00f1ado para brindar a los profesionales de la m\u00fasica, educadores y pedagogos una formaci\u00f3n s\u00f3lida y especializada en los m\u00e9todos, enfoques y t\u00e9cnicas necesarios para ense\u00f1ar m\u00fasica a ni\u00f1os de diversas edades y niveles de desarrollo. &nbsp; Este [&hellip;]<\/p>\n","protected":false},"author":7,"featured_media":21646,"comment_status":"closed","ping_status":"closed","sticky":false,"template":"","format":"standard","meta":{"footnotes":""},"categories":[53],"tags":[],"class_list":["post-21645","post","type-post","status-publish","format-standard","has-post-thumbnail","hentry","category-noticias-generales"],"lang":"es","translations":{"es":21645},"pll_sync_post":[],"post_mailing_queue_ids":[],"_links":{"self":[{"href":"http:\/\/staging.ibermusicas.org\/index.php\/wp-json\/wp\/v2\/posts\/21645","targetHints":{"allow":["GET"]}}],"collection":[{"href":"http:\/\/staging.ibermusicas.org\/index.php\/wp-json\/wp\/v2\/posts"}],"about":[{"href":"http:\/\/staging.ibermusicas.org\/index.php\/wp-json\/wp\/v2\/types\/post"}],"author":[{"embeddable":true,"href":"http:\/\/staging.ibermusicas.org\/index.php\/wp-json\/wp\/v2\/users\/7"}],"replies":[{"embeddable":true,"href":"http:\/\/staging.ibermusicas.org\/index.php\/wp-json\/wp\/v2\/comments?post=21645"}],"version-history":[{"count":1,"href":"http:\/\/staging.ibermusicas.org\/index.php\/wp-json\/wp\/v2\/posts\/21645\/revisions"}],"predecessor-version":[{"id":21647,"href":"http:\/\/staging.ibermusicas.org\/index.php\/wp-json\/wp\/v2\/posts\/21645\/revisions\/21647"}],"wp:featuredmedia":[{"embeddable":true,"href":"http:\/\/staging.ibermusicas.org\/index.php\/wp-json\/wp\/v2\/media\/21646"}],"wp:attachment":[{"href":"http:\/\/staging.ibermusicas.org\/index.php\/wp-json\/wp\/v2\/media?parent=21645"}],"wp:term":[{"taxonomy":"category","embeddable":true,"href":"http:\/\/staging.ibermusicas.org\/index.php\/wp-json\/wp\/v2\/categories?post=21645"},{"taxonomy":"post_tag","embeddable":true,"href":"http:\/\/staging.ibermusicas.org\/index.php\/wp-json\/wp\/v2\/tags?post=21645"}],"curies":[{"name":"wp","href":"https:\/\/api.w.org\/{rel}","templated":true}]}}