{"id":21648,"date":"2025-02-27T21:49:38","date_gmt":"2025-02-27T21:49:38","guid":{"rendered":"http:\/\/staging.ibermusicas.org\/?p=21648"},"modified":"2025-03-27T17:56:20","modified_gmt":"2025-03-27T17:56:20","slug":"o-violonista-peruano-percy-murguia-huillca-inicia-sua-especializacao-em-ensino-de-musica-para-criancas-no-instituto-de-formacao-artistica-jubal-em-la-paz-bolivia","status":"publish","type":"post","link":"http:\/\/staging.ibermusicas.org\/index.php\/o-violonista-peruano-percy-murguia-huillca-inicia-sua-especializacao-em-ensino-de-musica-para-criancas-no-instituto-de-formacao-artistica-jubal-em-la-paz-bolivia\/","title":{"rendered":"O violonista peruano Percy Murguia Huillca inicia sua especializa\u00e7\u00e3o em ensino de m\u00fasica para crian\u00e7as no Instituto de Forma\u00e7\u00e3o Art\u00edstica Jubal, em La Paz, Bol\u00edvia"},"content":{"rendered":"<p>O Curso de Especializa\u00e7\u00e3o em Ensino de M\u00fasica para Crian\u00e7as do Instituto de Forma\u00e7\u00e3o Art\u00edstica \u201cJubal\u201d foi criado para oferecer aos profissionais da m\u00fasica, educadores e pedagogos um treinamento s\u00f3lido e especializado nos m\u00e9todos, abordagens e t\u00e9cnicas necess\u00e1rias para ensinar m\u00fasica a crian\u00e7as de v\u00e1rias idades e n\u00edveis de desenvolvimento.<\/p>\n<p>&nbsp;<\/p>\n<p>Esse curso busca fornecer ferramentas pedag\u00f3gicas que promovam o amor pela m\u00fasica nas crian\u00e7as, desenvolvendo suas habilidades musicais de forma criativa, did\u00e1tica e eficaz. A especializa\u00e7\u00e3o em ensino de m\u00fasica para crian\u00e7as tamb\u00e9m levar\u00e1 \u00e0 cria\u00e7\u00e3o de um m\u00e9todo pr\u00e1tico para o aprendizado da m\u00fasica andina peruana.<\/p>\n<p>&nbsp;<\/p>\n<p>Percy Murguia Huillca nasceu no distrito de Caylloma, prov\u00edncia de Caylloma, regi\u00e3o de Arequipa. Ele \u00e9 formado em Artes pela Universidad Nacional de San Agust\u00edn &#8211; Arequipa. Recebeu master classes de renomados mestres como: Ra\u00fal Garc\u00eda Zarate (Peru), Pepe Torres (Peru), Eduardo Casta\u00f1era (Argentina), Gabriel Estarellas (Espanha), Terry Pazmi\u00f1o (Equador), Carlos Barbosa &#8211; Lima (Brasil), Kozo Tate (Jap\u00e3o), Alexis Vallejos (Chile), entre outros. Realizou concertos em diferentes regi\u00f5es do Peru e no Chile, Equador, Venezuela, Col\u00f4mbia, Bol\u00edvia, Brasil, M\u00e9xico e \u00c1frica do Sul. Tamb\u00e9m realizou concertos de destaque acompanhado pela Orquestra Sinf\u00f4nica de Arequipa, Orquestra Sinf\u00f4nica de Lambayeque, Orquestra Sinf\u00f4nica Nacional da Bol\u00edvia, Orquestra Filarm\u00f4nica de Toluca &#8211; M\u00e9xico, entre outras. Recebeu importantes reconhecimentos, tais como: Embaixador Cultural da Prov\u00edncia de Caylloma (2022), Diploma e Medalha de Ouro do Munic\u00edpio Provincial de Arequipa (2016), Diploma e Medalha de Ouro do Governo Regional de Arequipa (2015), Diploma de Honra do Congresso da Rep\u00fablica do Peru (2015) e Filho Predileto da Prov\u00edncia de Caylloma (2015).<\/p>\n<p>&nbsp;<\/p>\n<p>Percy Murguia Huillca foi premiado com o \u201cApoio \u00e0 especializa\u00e7\u00e3o e aperfei\u00e7oamento art\u00edstico e t\u00e9cnico\u201d do Programa Iberm\u00fasicas em sua convocat\u00f3ria de 2024.<\/p>\n<p>&nbsp;<\/p>\n<ul>\n<li>De 5 de mar\u00e7o de 2025 a 30 de maio de 2025 no Instituto de Formaci\u00f3n Art\u00edstica \u201cJubal de La Paz, Bol\u00edvia<\/li>\n<\/ul>\n","protected":false},"excerpt":{"rendered":"<p>O Curso de Especializa\u00e7\u00e3o em Ensino de M\u00fasica para Crian\u00e7as do Instituto de Forma\u00e7\u00e3o Art\u00edstica \u201cJubal\u201d foi criado para oferecer aos profissionais da m\u00fasica, educadores e pedagogos um treinamento s\u00f3lido e especializado nos m\u00e9todos, abordagens e t\u00e9cnicas necess\u00e1rias para ensinar m\u00fasica a crian\u00e7as de v\u00e1rias idades e n\u00edveis de desenvolvimento. &nbsp; Esse curso busca fornecer [&hellip;]<\/p>\n","protected":false},"author":7,"featured_media":21646,"comment_status":"closed","ping_status":"closed","sticky":false,"template":"","format":"standard","meta":{"footnotes":""},"categories":[218],"tags":[],"class_list":["post-21648","post","type-post","status-publish","format-standard","has-post-thumbnail","hentry","category-noticias-generales-pt"],"lang":"pt","translations":{"pt":21648},"pll_sync_post":[],"post_mailing_queue_ids":[],"_links":{"self":[{"href":"http:\/\/staging.ibermusicas.org\/index.php\/wp-json\/wp\/v2\/posts\/21648","targetHints":{"allow":["GET"]}}],"collection":[{"href":"http:\/\/staging.ibermusicas.org\/index.php\/wp-json\/wp\/v2\/posts"}],"about":[{"href":"http:\/\/staging.ibermusicas.org\/index.php\/wp-json\/wp\/v2\/types\/post"}],"author":[{"embeddable":true,"href":"http:\/\/staging.ibermusicas.org\/index.php\/wp-json\/wp\/v2\/users\/7"}],"replies":[{"embeddable":true,"href":"http:\/\/staging.ibermusicas.org\/index.php\/wp-json\/wp\/v2\/comments?post=21648"}],"version-history":[{"count":1,"href":"http:\/\/staging.ibermusicas.org\/index.php\/wp-json\/wp\/v2\/posts\/21648\/revisions"}],"predecessor-version":[{"id":21649,"href":"http:\/\/staging.ibermusicas.org\/index.php\/wp-json\/wp\/v2\/posts\/21648\/revisions\/21649"}],"wp:featuredmedia":[{"embeddable":true,"href":"http:\/\/staging.ibermusicas.org\/index.php\/wp-json\/wp\/v2\/media\/21646"}],"wp:attachment":[{"href":"http:\/\/staging.ibermusicas.org\/index.php\/wp-json\/wp\/v2\/media?parent=21648"}],"wp:term":[{"taxonomy":"category","embeddable":true,"href":"http:\/\/staging.ibermusicas.org\/index.php\/wp-json\/wp\/v2\/categories?post=21648"},{"taxonomy":"post_tag","embeddable":true,"href":"http:\/\/staging.ibermusicas.org\/index.php\/wp-json\/wp\/v2\/tags?post=21648"}],"curies":[{"name":"wp","href":"https:\/\/api.w.org\/{rel}","templated":true}]}}