{"id":21650,"date":"2025-02-27T21:50:48","date_gmt":"2025-02-27T21:50:48","guid":{"rendered":"http:\/\/staging.ibermusicas.org\/?p=21650"},"modified":"2025-03-27T17:50:18","modified_gmt":"2025-03-27T17:50:18","slug":"el-musico-e-historiador-del-arte-mexicano-armando-cedillo-inicia-presenta-una-ponencia-en-las-jornades-ab-sentits-vii-el-llegat-i-el-present-en-catalunya","status":"publish","type":"post","link":"http:\/\/staging.ibermusicas.org\/index.php\/el-musico-e-historiador-del-arte-mexicano-armando-cedillo-inicia-presenta-una-ponencia-en-las-jornades-ab-sentits-vii-el-llegat-i-el-present-en-catalunya\/","title":{"rendered":"El m\u00fasico e historiador del arte mexicano Armando Cedillo inicia presenta una ponencia en las \u201cJornades aB Sentits VII: El llegat i el present\u201d en Catalunya"},"content":{"rendered":"<p>Armando Cedillo es un m\u00fasico activo tanto en la m\u00fasica acad\u00e9mica como en la escena del jazz. Es historiador del arte con perfil hacia las pr\u00e1cticas esc\u00e9nicas y performativas donde se ha desarrollado en la curadur\u00eda de festivales art\u00edsticos enfocados en la inclusi\u00f3n comunal. Participa en actividades art\u00edsticas que se desenvuelven en las periferias, alejadas del conocimiento establecido. Despu\u00e9s de haber cursado su M\u00e1ster de Ense\u00f1anzas Art\u00edsticas en Investigaci\u00f3n Musical en la ESMUC &#8211; Escola Superior de M\u00fasica de Catalunya, Barcelona, Espa\u00f1a, presentar\u00e1 su ponencia \u201cEl vibrato en la trompeta como recurso musical: Su aplicaci\u00f3n en la m\u00fasica popular de la Ciudad de M\u00e9xico a mediados del siglo XX\u201d. La presentaci\u00f3n tendr\u00e1 lugar en las \u201cJornades aB Sentits VII: El llegat i el present\u201d.<\/p>\n<p>&nbsp;<\/p>\n<p>Las Jornadas aB Sentits pondr\u00e1n \u00e9nfasis en esta ocasi\u00f3n en c\u00f3mo influye el pasado en los procesos creativos contempor\u00e1neos. El hilo conductor ser\u00e1 la hermen\u00e9utica musical y la relaci\u00f3n que los seres humanos establecen con la m\u00fasica.<\/p>\n<p>&nbsp;<\/p>\n<p>Este proyecto de Armando Cedillo ha sido ganador de la convocatoria 2024 del Programa Iberm\u00fasicas en la l\u00ednea de \u201cAyuda a la especializaci\u00f3n y el perfeccionamiento art\u00edstico y t\u00e9cnico\u201d.<\/p>\n<p>&nbsp;<\/p>\n<p>&nbsp;<\/p>\n<ul>\n<li>Jueves 6 de marzo 15h30, Sala de Cor de ESMUC &#8211; Escola Superior de M\u00fasica de Catalunya, Barcelona, Espa\u00f1a<\/li>\n<\/ul>\n","protected":false},"excerpt":{"rendered":"<p>Armando Cedillo es un m\u00fasico activo tanto en la m\u00fasica acad\u00e9mica como en la escena del jazz. Es historiador del arte con perfil hacia las pr\u00e1cticas esc\u00e9nicas y performativas donde se ha desarrollado en la curadur\u00eda de festivales art\u00edsticos enfocados en la inclusi\u00f3n comunal. Participa en actividades art\u00edsticas que se desenvuelven en las periferias, alejadas [&hellip;]<\/p>\n","protected":false},"author":7,"featured_media":21651,"comment_status":"closed","ping_status":"closed","sticky":false,"template":"","format":"standard","meta":{"footnotes":""},"categories":[53],"tags":[],"class_list":["post-21650","post","type-post","status-publish","format-standard","has-post-thumbnail","hentry","category-noticias-generales"],"lang":"es","translations":{"es":21650},"pll_sync_post":[],"post_mailing_queue_ids":[],"_links":{"self":[{"href":"http:\/\/staging.ibermusicas.org\/index.php\/wp-json\/wp\/v2\/posts\/21650","targetHints":{"allow":["GET"]}}],"collection":[{"href":"http:\/\/staging.ibermusicas.org\/index.php\/wp-json\/wp\/v2\/posts"}],"about":[{"href":"http:\/\/staging.ibermusicas.org\/index.php\/wp-json\/wp\/v2\/types\/post"}],"author":[{"embeddable":true,"href":"http:\/\/staging.ibermusicas.org\/index.php\/wp-json\/wp\/v2\/users\/7"}],"replies":[{"embeddable":true,"href":"http:\/\/staging.ibermusicas.org\/index.php\/wp-json\/wp\/v2\/comments?post=21650"}],"version-history":[{"count":1,"href":"http:\/\/staging.ibermusicas.org\/index.php\/wp-json\/wp\/v2\/posts\/21650\/revisions"}],"predecessor-version":[{"id":21652,"href":"http:\/\/staging.ibermusicas.org\/index.php\/wp-json\/wp\/v2\/posts\/21650\/revisions\/21652"}],"wp:featuredmedia":[{"embeddable":true,"href":"http:\/\/staging.ibermusicas.org\/index.php\/wp-json\/wp\/v2\/media\/21651"}],"wp:attachment":[{"href":"http:\/\/staging.ibermusicas.org\/index.php\/wp-json\/wp\/v2\/media?parent=21650"}],"wp:term":[{"taxonomy":"category","embeddable":true,"href":"http:\/\/staging.ibermusicas.org\/index.php\/wp-json\/wp\/v2\/categories?post=21650"},{"taxonomy":"post_tag","embeddable":true,"href":"http:\/\/staging.ibermusicas.org\/index.php\/wp-json\/wp\/v2\/tags?post=21650"}],"curies":[{"name":"wp","href":"https:\/\/api.w.org\/{rel}","templated":true}]}}