{"id":21653,"date":"2025-02-27T21:52:41","date_gmt":"2025-02-27T21:52:41","guid":{"rendered":"http:\/\/staging.ibermusicas.org\/?p=21653"},"modified":"2025-03-27T17:56:01","modified_gmt":"2025-03-27T17:56:01","slug":"o-musico-e-historiador-de-arte-mexicano-armando-cedillo-inicia-uma-palestra-nas-jornades-ab-sentits-vii-el-llegat-i-el-present-na-catalunha","status":"publish","type":"post","link":"http:\/\/staging.ibermusicas.org\/index.php\/o-musico-e-historiador-de-arte-mexicano-armando-cedillo-inicia-uma-palestra-nas-jornades-ab-sentits-vii-el-llegat-i-el-present-na-catalunha\/","title":{"rendered":"O m\u00fasico e historiador de arte mexicano Armando Cedillo inicia uma palestra nas \u201cJornades aB Sentits VII: El llegat i el present\u201d na Catalunha"},"content":{"rendered":"<p>Armando Cedillo \u00e9 um m\u00fasico ativo tanto na m\u00fasica acad\u00eamica quanto no cen\u00e1rio do jazz. \u00c9 historiador da arte com perfil voltado para as pr\u00e1ticas c\u00eanicas e perform\u00e1ticas, onde se desenvolveu na curadoria de festivais art\u00edsticos voltados para a inclus\u00e3o comunit\u00e1ria. Participa de atividades art\u00edsticas que acontecem nas periferias, longe do conhecimento estabelecido. Ap\u00f3s ter conclu\u00eddo seu Mestrado em Doc\u00eancia Art\u00edstica em Pesquisa Musical na ESMUC &#8211; Escola Superior de M\u00fasica da Catalunha, Barcelona, Espanha, apresentar\u00e1 seu trabalho \u201cO vibrato no trompete como recurso musical: Sua aplica\u00e7\u00e3o na m\u00fasica popular da Cidade do M\u00e9xico em meados do s\u00e9culo XX\u201d. A apresenta\u00e7\u00e3o ocorrer\u00e1 nas \u201cJornades aB Sentits VII: El llegat i el present\u201d.<\/p>\n<p>&nbsp;<\/p>\n<p>As Jornades aB Sentits enfatizar\u00e3o nessa ocasi\u00e3o como o passado influencia os processos criativos contempor\u00e2neos. O fio condutor ser\u00e1 a hermen\u00eautica musical e a rela\u00e7\u00e3o que os seres humanos estabelecem com a m\u00fasica.<\/p>\n<p>&nbsp;<\/p>\n<p>Este projeto de Armando Cedillo ganhou a convocat\u00f3ria 2024 do Programa Iberm\u00fasicas na linha de \u201cApoio \u00e0 especializa\u00e7\u00e3o e ao aperfei\u00e7oamento art\u00edstico e t\u00e9cnico\u201d.<\/p>\n<p>&nbsp;<\/p>\n<ul>\n<li>Quinta-feira, 6 de mar\u00e7o, 15h30, Sala de Cor da ESMUC &#8211; Escola Superior de M\u00fasica da Catalunha, Barcelona, Espanha<\/li>\n<\/ul>\n","protected":false},"excerpt":{"rendered":"<p>Armando Cedillo \u00e9 um m\u00fasico ativo tanto na m\u00fasica acad\u00eamica quanto no cen\u00e1rio do jazz. \u00c9 historiador da arte com perfil voltado para as pr\u00e1ticas c\u00eanicas e perform\u00e1ticas, onde se desenvolveu na curadoria de festivais art\u00edsticos voltados para a inclus\u00e3o comunit\u00e1ria. Participa de atividades art\u00edsticas que acontecem nas periferias, longe do conhecimento estabelecido. Ap\u00f3s ter [&hellip;]<\/p>\n","protected":false},"author":7,"featured_media":21651,"comment_status":"closed","ping_status":"closed","sticky":false,"template":"","format":"standard","meta":{"footnotes":""},"categories":[218],"tags":[],"class_list":["post-21653","post","type-post","status-publish","format-standard","has-post-thumbnail","hentry","category-noticias-generales-pt"],"lang":"pt","translations":{"pt":21653},"pll_sync_post":[],"post_mailing_queue_ids":[],"_links":{"self":[{"href":"http:\/\/staging.ibermusicas.org\/index.php\/wp-json\/wp\/v2\/posts\/21653","targetHints":{"allow":["GET"]}}],"collection":[{"href":"http:\/\/staging.ibermusicas.org\/index.php\/wp-json\/wp\/v2\/posts"}],"about":[{"href":"http:\/\/staging.ibermusicas.org\/index.php\/wp-json\/wp\/v2\/types\/post"}],"author":[{"embeddable":true,"href":"http:\/\/staging.ibermusicas.org\/index.php\/wp-json\/wp\/v2\/users\/7"}],"replies":[{"embeddable":true,"href":"http:\/\/staging.ibermusicas.org\/index.php\/wp-json\/wp\/v2\/comments?post=21653"}],"version-history":[{"count":1,"href":"http:\/\/staging.ibermusicas.org\/index.php\/wp-json\/wp\/v2\/posts\/21653\/revisions"}],"predecessor-version":[{"id":21654,"href":"http:\/\/staging.ibermusicas.org\/index.php\/wp-json\/wp\/v2\/posts\/21653\/revisions\/21654"}],"wp:featuredmedia":[{"embeddable":true,"href":"http:\/\/staging.ibermusicas.org\/index.php\/wp-json\/wp\/v2\/media\/21651"}],"wp:attachment":[{"href":"http:\/\/staging.ibermusicas.org\/index.php\/wp-json\/wp\/v2\/media?parent=21653"}],"wp:term":[{"taxonomy":"category","embeddable":true,"href":"http:\/\/staging.ibermusicas.org\/index.php\/wp-json\/wp\/v2\/categories?post=21653"},{"taxonomy":"post_tag","embeddable":true,"href":"http:\/\/staging.ibermusicas.org\/index.php\/wp-json\/wp\/v2\/tags?post=21653"}],"curies":[{"name":"wp","href":"https:\/\/api.w.org\/{rel}","templated":true}]}}