{"id":21655,"date":"2025-02-27T21:54:38","date_gmt":"2025-02-27T21:54:38","guid":{"rendered":"http:\/\/staging.ibermusicas.org\/?p=21655"},"modified":"2025-03-27T17:50:10","modified_gmt":"2025-03-27T17:50:10","slug":"la-agrupacion-chilena-kizulariki-realiza-su-primera-gira-internacional-presentandose-en-diversos-escenarios-de-brasil","status":"publish","type":"post","link":"http:\/\/staging.ibermusicas.org\/index.php\/la-agrupacion-chilena-kizulariki-realiza-su-primera-gira-internacional-presentandose-en-diversos-escenarios-de-brasil\/","title":{"rendered":"La agrupaci\u00f3n chilena Kizulariki realiza su primera gira internacional present\u00e1ndose en diversos escenarios de Brasil"},"content":{"rendered":"<p>Kizulariki se lanza con su primer proyecto internacional, una gira que los llevar\u00e1 a la ciudad de S\u00e3o Paulo, Brasil. La banda, conocida por su energ\u00eda y performance, llevar\u00e1 una parte del desierto de Atacama y de la cordillera los Andes hasta las costas del Atl\u00e1ntico. Rendir\u00e1n homenaje a la historias del Peabiru, camino ancestral que conectaba los Andes con las culturas que habitaban antiguamente lo que es hoy S\u00e3o Paulo.<\/p>\n<p>&nbsp;<\/p>\n<p>Kizulariki es una banda de Funk del Desierto de Atacama que fusiona una variedad de estilos musicales con una puesta en escena potente. Kizulariki es multiculturalidad. Sus integrantes, provenientes de diversas regiones de Chile y Brasil, aportan ra\u00edces culturales diferentes. Los miembros viven en Atacama, rescatando elementos de la cultura local, mientras que otros residen en S\u00e3o Paulo, aportando influencias brasile\u00f1as. Esta mezcla se refleja en la sonoridad e influencias r\u00edtmicas de la banda, que incorpora elementos como el Choro (Brasil) y la Cueca (Chile), variados instrumentos ind\u00edgenas, el relato de historias de la cultura andina y colaboraciones con artistas latinoamericanos y afrodescendientes.<\/p>\n<p>&nbsp;<\/p>\n<p>Este proyecto de Kizulariki fue premiado en la convocatoria 2024 del Programa Iberm\u00fasicas en la l\u00ednea de \u201cAyuda a la circulaci\u00f3n de profesionales de la m\u00fasica\u201d.<\/p>\n<p>&nbsp;<\/p>\n<p>&nbsp;<\/p>\n<ul>\n<li>03 de marzo: Ensayo abierto y conversatorio en la residencia art\u00edstica Jur\u00e9ia.<\/li>\n<li>05 de marzo: Kizulariki en la residencia art\u00edstica Jur\u00e9ia<\/li>\n<li>07 de marzo: Workshop y conversatorio en F\u00e1brica de Cultura 4.0, Iguape, S\u00e3o Paulo<\/li>\n<li>09 de marzo: Kizulariki en vivo Beira Rio, Jur\u00e9ia.<\/li>\n<li>19 y 21 de marzo: Ensayo abierto en F\u00e1brica de Cultura 4.0, Iguape, S\u00e3o Paulo<\/li>\n<li>23 de marzo: \u00abKizulariki no caminho de Peabiru\u00bb Cantos do Ribeira, en Vivo en la concha ac\u00fastica de Iguape.<\/li>\n<li>30 de marzo: KIZU FEST, festival en Nova Chance, ONG de S\u00e3o Paulo.<\/li>\n<li>06 de abril: \u00abKizulariki no caminho de Peabiru\u00bb en Vivo en Centro Cultural Bananal. S\u00e3o Paulo<\/li>\n<li>09 de abril: \u00abKizulariki no caminho de Peabiru\u00bb en Vivo en Casa Locomotiva, S\u00e3o Paulo.<\/li>\n<li>13 de abril: Concierto p\u00fablico en Avenida Paulista, S\u00e3o Paulo<\/li>\n<li>20 de abril: KIZU FEST II, festival en Projeto Viela, ONG de S\u00e3o Paulo.<\/li>\n<li>27 de abril: Concierto p\u00fablico en Avenida Paulista, S\u00e3o Paulo<\/li>\n<\/ul>\n","protected":false},"excerpt":{"rendered":"<p>Kizulariki se lanza con su primer proyecto internacional, una gira que los llevar\u00e1 a la ciudad de S\u00e3o Paulo, Brasil. La banda, conocida por su energ\u00eda y performance, llevar\u00e1 una parte del desierto de Atacama y de la cordillera los Andes hasta las costas del Atl\u00e1ntico. Rendir\u00e1n homenaje a la historias del Peabiru, camino ancestral [&hellip;]<\/p>\n","protected":false},"author":7,"featured_media":21656,"comment_status":"closed","ping_status":"closed","sticky":false,"template":"","format":"standard","meta":{"footnotes":""},"categories":[53],"tags":[],"class_list":["post-21655","post","type-post","status-publish","format-standard","has-post-thumbnail","hentry","category-noticias-generales"],"lang":"es","translations":{"es":21655},"pll_sync_post":[],"post_mailing_queue_ids":[],"_links":{"self":[{"href":"http:\/\/staging.ibermusicas.org\/index.php\/wp-json\/wp\/v2\/posts\/21655","targetHints":{"allow":["GET"]}}],"collection":[{"href":"http:\/\/staging.ibermusicas.org\/index.php\/wp-json\/wp\/v2\/posts"}],"about":[{"href":"http:\/\/staging.ibermusicas.org\/index.php\/wp-json\/wp\/v2\/types\/post"}],"author":[{"embeddable":true,"href":"http:\/\/staging.ibermusicas.org\/index.php\/wp-json\/wp\/v2\/users\/7"}],"replies":[{"embeddable":true,"href":"http:\/\/staging.ibermusicas.org\/index.php\/wp-json\/wp\/v2\/comments?post=21655"}],"version-history":[{"count":1,"href":"http:\/\/staging.ibermusicas.org\/index.php\/wp-json\/wp\/v2\/posts\/21655\/revisions"}],"predecessor-version":[{"id":21657,"href":"http:\/\/staging.ibermusicas.org\/index.php\/wp-json\/wp\/v2\/posts\/21655\/revisions\/21657"}],"wp:featuredmedia":[{"embeddable":true,"href":"http:\/\/staging.ibermusicas.org\/index.php\/wp-json\/wp\/v2\/media\/21656"}],"wp:attachment":[{"href":"http:\/\/staging.ibermusicas.org\/index.php\/wp-json\/wp\/v2\/media?parent=21655"}],"wp:term":[{"taxonomy":"category","embeddable":true,"href":"http:\/\/staging.ibermusicas.org\/index.php\/wp-json\/wp\/v2\/categories?post=21655"},{"taxonomy":"post_tag","embeddable":true,"href":"http:\/\/staging.ibermusicas.org\/index.php\/wp-json\/wp\/v2\/tags?post=21655"}],"curies":[{"name":"wp","href":"https:\/\/api.w.org\/{rel}","templated":true}]}}