{"id":21659,"date":"2025-02-27T21:58:19","date_gmt":"2025-02-27T21:58:19","guid":{"rendered":"http:\/\/staging.ibermusicas.org\/?p=21659"},"modified":"2025-03-27T17:55:54","modified_gmt":"2025-03-27T17:55:54","slug":"a-banda-chilena-kizulariki-faz-sua-primeira-turne-internacional-apresentando-se-em-diferentes-palcos-no-brasil","status":"publish","type":"post","link":"http:\/\/staging.ibermusicas.org\/index.php\/a-banda-chilena-kizulariki-faz-sua-primeira-turne-internacional-apresentando-se-em-diferentes-palcos-no-brasil\/","title":{"rendered":"A banda chilena Kizulariki faz sua primeira turn\u00ea internacional, apresentando-se em diferentes palcos no Brasil"},"content":{"rendered":"<p>O Kizulariki est\u00e1 lan\u00e7ando seu primeiro projeto internacional, uma turn\u00ea que os levar\u00e1 \u00e0 cidade de S\u00e3o Paulo, no Brasil. A banda, conhecida por sua energia e performance, levar\u00e1 uma parte do Deserto do Atacama e da Cordilheira dos Andes para as margens do Atl\u00e2ntico. Eles far\u00e3o uma homenagem \u00e0s hist\u00f3rias do Peabiru, uma estrada ancestral que ligava os Andes \u00e0s culturas que habitavam o que hoje \u00e9 S\u00e3o Paulo.<\/p>\n<p>&nbsp;<\/p>\n<p>Kizulariki \u00e9 uma banda de funk do deserto do Atacama que funde uma variedade de estilos musicais com uma encena\u00e7\u00e3o poderosa. Kizulariki \u00e9 multiculturalismo. Seus integrantes, vindos de diferentes regi\u00f5es do Chile e do Brasil, trazem diferentes ra\u00edzes culturais. Os integrantes vivem no Atacama, resgatando elementos da cultura local, enquanto outros vivem em S\u00e3o Paulo, trazendo influ\u00eancias brasileiras. Essa mistura se reflete na sonoridade e nas influ\u00eancias r\u00edtmicas da banda, que incorpora elementos como o Choro (Brasil) e a Cueca (Chile), v\u00e1rios instrumentos ind\u00edgenas, conta\u00e7\u00e3o de hist\u00f3rias da cultura andina e colabora\u00e7\u00f5es com artistas latino-americanos e afrodescendentes.<\/p>\n<p>&nbsp;<\/p>\n<p>Esse projeto do Kizulariki foi premiado na chamada 2024 do Programa Iberm\u00fasicas na linha de \u201cApoio \u00e0 circula\u00e7\u00e3o de profissionais da m\u00fasica\u201d.<\/p>\n<p>&nbsp;<\/p>\n<p>&nbsp;<\/p>\n<ul>\n<li>03 de marzo: Ensayo abierto y conversatorio en la residencia art\u00edstica Jur\u00e9ia.<\/li>\n<li>05 de marzo: Kizulariki en la residencia art\u00edstica Jur\u00e9ia<\/li>\n<li>07 de marzo: Workshop y conversatorio en F\u00e1brica de Cultura 4.0, Iguape, S\u00e3o Paulo<\/li>\n<li>09 de marzo: Kizulariki en vivo Beira Rio, Jur\u00e9ia.<\/li>\n<li>19 y 21 de marzo: Ensayo abierto en F\u00e1brica de Cultura 4.0, Iguape, S\u00e3o Paulo<\/li>\n<li>23 de marzo: \u00abKizulariki no caminho de Peabiru\u00bb Cantos do Ribeira, en Vivo en la concha ac\u00fastica de Iguape.<\/li>\n<li>30 de marzo: KIZU FEST, festival en Nova Chance, ONG de S\u00e3o Paulo.<\/li>\n<li>06 de abril: \u00abKizulariki no caminho de Peabiru\u00bb en Vivo en Centro Cultural Bananal. S\u00e3o Paulo<\/li>\n<li>09 de abril: \u00abKizulariki no caminho de Peabiru\u00bb en Vivo en Casa Locomotiva, S\u00e3o Paulo.<\/li>\n<li>13 de abril: Concierto p\u00fablico en Avenida Paulista, S\u00e3o Paulo<\/li>\n<li>20 de abril: KIZU FEST II, festival en Projeto Viela, ONG de S\u00e3o Paulo.<\/li>\n<li>27 de abril: Concierto p\u00fablico en Avenida Paulista, S\u00e3o Paulo<\/li>\n<\/ul>\n","protected":false},"excerpt":{"rendered":"<p>O Kizulariki est\u00e1 lan\u00e7ando seu primeiro projeto internacional, uma turn\u00ea que os levar\u00e1 \u00e0 cidade de S\u00e3o Paulo, no Brasil. A banda, conhecida por sua energia e performance, levar\u00e1 uma parte do Deserto do Atacama e da Cordilheira dos Andes para as margens do Atl\u00e2ntico. Eles far\u00e3o uma homenagem \u00e0s hist\u00f3rias do Peabiru, uma estrada [&hellip;]<\/p>\n","protected":false},"author":7,"featured_media":21656,"comment_status":"closed","ping_status":"closed","sticky":false,"template":"","format":"standard","meta":{"footnotes":""},"categories":[218],"tags":[],"class_list":["post-21659","post","type-post","status-publish","format-standard","has-post-thumbnail","hentry","category-noticias-generales-pt"],"lang":"pt","translations":{"pt":21659},"pll_sync_post":[],"post_mailing_queue_ids":[],"_links":{"self":[{"href":"http:\/\/staging.ibermusicas.org\/index.php\/wp-json\/wp\/v2\/posts\/21659","targetHints":{"allow":["GET"]}}],"collection":[{"href":"http:\/\/staging.ibermusicas.org\/index.php\/wp-json\/wp\/v2\/posts"}],"about":[{"href":"http:\/\/staging.ibermusicas.org\/index.php\/wp-json\/wp\/v2\/types\/post"}],"author":[{"embeddable":true,"href":"http:\/\/staging.ibermusicas.org\/index.php\/wp-json\/wp\/v2\/users\/7"}],"replies":[{"embeddable":true,"href":"http:\/\/staging.ibermusicas.org\/index.php\/wp-json\/wp\/v2\/comments?post=21659"}],"version-history":[{"count":1,"href":"http:\/\/staging.ibermusicas.org\/index.php\/wp-json\/wp\/v2\/posts\/21659\/revisions"}],"predecessor-version":[{"id":21660,"href":"http:\/\/staging.ibermusicas.org\/index.php\/wp-json\/wp\/v2\/posts\/21659\/revisions\/21660"}],"wp:featuredmedia":[{"embeddable":true,"href":"http:\/\/staging.ibermusicas.org\/index.php\/wp-json\/wp\/v2\/media\/21656"}],"wp:attachment":[{"href":"http:\/\/staging.ibermusicas.org\/index.php\/wp-json\/wp\/v2\/media?parent=21659"}],"wp:term":[{"taxonomy":"category","embeddable":true,"href":"http:\/\/staging.ibermusicas.org\/index.php\/wp-json\/wp\/v2\/categories?post=21659"},{"taxonomy":"post_tag","embeddable":true,"href":"http:\/\/staging.ibermusicas.org\/index.php\/wp-json\/wp\/v2\/tags?post=21659"}],"curies":[{"name":"wp","href":"https:\/\/api.w.org\/{rel}","templated":true}]}}