{"id":21661,"date":"2025-02-27T22:08:59","date_gmt":"2025-02-27T22:08:59","guid":{"rendered":"http:\/\/staging.ibermusicas.org\/?p=21661"},"modified":"2025-03-27T17:50:03","modified_gmt":"2025-03-27T17:50:03","slug":"cristina-clara-portugal-barbara-faustino-brasil-y-ariel-rodriguez-argentina-presentan-su-espectaculo-frontera-en-espana","status":"publish","type":"post","link":"http:\/\/staging.ibermusicas.org\/index.php\/cristina-clara-portugal-barbara-faustino-brasil-y-ariel-rodriguez-argentina-presentan-su-espectaculo-frontera-en-espana\/","title":{"rendered":"Cristina Clara (Portugal), B\u00e1rbara Faustino (Brasil) y Ariel Rodriguez (Argentina), presentan su espect\u00e1culo \u201cFrontera\u201d en Espa\u00f1a"},"content":{"rendered":"<p>Cristina Clara (cantante portuguesa), B\u00e1rbara Faustino (bailarina y core\u00f3grafa brasile\u00f1a) y Ariel Rodriguez (pianista y compositor argentino) presentan \u00abFrontera\u00bb en Espa\u00f1a, un espect\u00e1culo que fusiona la m\u00fasica, la danza y la poes\u00eda. El cuerpo y el sonido son herramientas, y la piel, un litoral: da forma, del mismo modo que permite el contacto con el mundo. Frontera es un rescate po\u00e9tico de lo cotidiano, como la piel: el\u00e1stica y permeable.<\/p>\n<p>&nbsp;<\/p>\n<p>Cristina Clara, cantora y compositora, es originaria de Minho, en el norte de Portugal. Le interesa especialmente explorar los ritmos tradicionales, la canci\u00f3n urbana de Lisboa y sus contempor\u00e1neas de Cabo Verde y Brasil. Lanz\u00f3 su \u00e1lbum debut \u201cLua Adversa\u201d en 2021. Es un \u00e1lbum que explora principalmente las afinidades entre la canci\u00f3n urbana de Lisboa y el choro brasile\u00f1o. Para este \u00e1lbum, Cristina Clara reuni\u00f3 a m\u00fasicos de Portugal y Brasil especialmente representativos de los mundos del fado, el choro y el jazz.<\/p>\n<p>&nbsp;<\/p>\n<p>B\u00e1rbara Faustino es bailarina, int\u00e9rprete y profesora de danza graduada por la Escola Municipal de Bailado do Teatro Municipal de S\u00e3o Paulo. Afincada en Portugal desde 2014, ha trabajado como bailarina, gestora y profesora de danza en Musib\u00e9ria &#8211; Centro Internacional de M\u00fasicas y Danzas del Mundo Ib\u00e9rico &#8211; en Serpa, Alentejo, donde desarroll\u00f3 una investigaci\u00f3n autoral en las \u00e1reas de ense\u00f1anza y creaci\u00f3n de danza. Fund\u00f3 HIDRA cia. de dan\u00e7a, en colaboraci\u00f3n con la bailarina argentina Janice Iandritsky, es miembro de Mosaicollective y cursa un m\u00e1ster en Ense\u00f1anza de la Danza en la Escola Superior de Dan\u00e7a de Lisboa.<\/p>\n<p>&nbsp;<\/p>\n<p>Ariel Rodr\u00edguez es un pianista, arreglador y compositor de tango, conocido principalmente por su participaci\u00f3n desde hace 15 a\u00f1os en la Orquesta El Arranque, quienes obtuvieron dos nominaciones al Grammy Latino, premio Konex al mejor conjunto de tango de los \u00faltimos 10 a\u00f1os y premio Carlos Gardel. Paralelamente a esta actividad fund\u00f3 en el a\u00f1o 2002 el grupo Decar\u00edsimo.<\/p>\n<p>&nbsp;<\/p>\n<p>Este proyecto ha sido premiado por Iberm\u00fasicas en la l\u00ednea de Ayudas a la Circulaci\u00f3n, convocatoria 2023.<\/p>\n<p>&nbsp;<\/p>\n<ul>\n<li>7 de marzo, 21h en el espacio La Parceria, Madrid, Espa\u00f1a<\/li>\n<\/ul>\n","protected":false},"excerpt":{"rendered":"<p>Cristina Clara (cantante portuguesa), B\u00e1rbara Faustino (bailarina y core\u00f3grafa brasile\u00f1a) y Ariel Rodriguez (pianista y compositor argentino) presentan \u00abFrontera\u00bb en Espa\u00f1a, un espect\u00e1culo que fusiona la m\u00fasica, la danza y la poes\u00eda. El cuerpo y el sonido son herramientas, y la piel, un litoral: da forma, del mismo modo que permite el contacto con el [&hellip;]<\/p>\n","protected":false},"author":7,"featured_media":21662,"comment_status":"closed","ping_status":"closed","sticky":false,"template":"","format":"standard","meta":{"footnotes":""},"categories":[53],"tags":[],"class_list":["post-21661","post","type-post","status-publish","format-standard","has-post-thumbnail","hentry","category-noticias-generales"],"lang":"es","translations":{"es":21661},"pll_sync_post":[],"post_mailing_queue_ids":[],"_links":{"self":[{"href":"http:\/\/staging.ibermusicas.org\/index.php\/wp-json\/wp\/v2\/posts\/21661","targetHints":{"allow":["GET"]}}],"collection":[{"href":"http:\/\/staging.ibermusicas.org\/index.php\/wp-json\/wp\/v2\/posts"}],"about":[{"href":"http:\/\/staging.ibermusicas.org\/index.php\/wp-json\/wp\/v2\/types\/post"}],"author":[{"embeddable":true,"href":"http:\/\/staging.ibermusicas.org\/index.php\/wp-json\/wp\/v2\/users\/7"}],"replies":[{"embeddable":true,"href":"http:\/\/staging.ibermusicas.org\/index.php\/wp-json\/wp\/v2\/comments?post=21661"}],"version-history":[{"count":1,"href":"http:\/\/staging.ibermusicas.org\/index.php\/wp-json\/wp\/v2\/posts\/21661\/revisions"}],"predecessor-version":[{"id":21663,"href":"http:\/\/staging.ibermusicas.org\/index.php\/wp-json\/wp\/v2\/posts\/21661\/revisions\/21663"}],"wp:featuredmedia":[{"embeddable":true,"href":"http:\/\/staging.ibermusicas.org\/index.php\/wp-json\/wp\/v2\/media\/21662"}],"wp:attachment":[{"href":"http:\/\/staging.ibermusicas.org\/index.php\/wp-json\/wp\/v2\/media?parent=21661"}],"wp:term":[{"taxonomy":"category","embeddable":true,"href":"http:\/\/staging.ibermusicas.org\/index.php\/wp-json\/wp\/v2\/categories?post=21661"},{"taxonomy":"post_tag","embeddable":true,"href":"http:\/\/staging.ibermusicas.org\/index.php\/wp-json\/wp\/v2\/tags?post=21661"}],"curies":[{"name":"wp","href":"https:\/\/api.w.org\/{rel}","templated":true}]}}