{"id":21664,"date":"2025-02-27T22:10:14","date_gmt":"2025-02-27T22:10:14","guid":{"rendered":"http:\/\/staging.ibermusicas.org\/?p=21664"},"modified":"2025-03-27T17:55:47","modified_gmt":"2025-03-27T17:55:47","slug":"cristina-clara-portugal-barbara-faustino-brasil-e-ariel-rodriguez-argentina-apresentam-seu-show-frontera-na-espanha","status":"publish","type":"post","link":"http:\/\/staging.ibermusicas.org\/index.php\/cristina-clara-portugal-barbara-faustino-brasil-e-ariel-rodriguez-argentina-apresentam-seu-show-frontera-na-espanha\/","title":{"rendered":"Cristina Clara (Portugal), B\u00e1rbara Faustino (Brasil) e Ariel Rodriguez (Argentina), apresentam seu show \u201cFrontera\u201d na Espanha"},"content":{"rendered":"<p>Cristina Clara (cantora portuguesa), B\u00e1rbara Faustino (bailarina e core\u00f3grafa brasileira) e Ariel Rodriguez (pianista e compositor argentino) apresentam \u201cFrontera\u201d na Espanha, um espet\u00e1culo que funde m\u00fasica, dan\u00e7a e poesia. O corpo e o som s\u00e3o ferramentas, e a pele, uma linha costeira: ela d\u00e1 forma, da mesma forma que permite o contato com o mundo. Frontera \u00e9 um resgate po\u00e9tico do cotidiano, como a pele: el\u00e1stica e perme\u00e1vel.<\/p>\n<p>&nbsp;<\/p>\n<p>Cristina Clara, cantora e autora, \u00e9 natural do Minho, a norte de Portugal. Interessa-se sobretudo por explorar os ritmos tradicionais, a can\u00e7\u00e3o urbana de Lisboa e suas contempor\u00e2neas de Cabo Verde ou do Brasil. Lan\u00e7ou o seu disco de estreia \u201cLua Adversa\u201d em 2021. \u00c9 um \u00e1lbum que explora sobretudo as afinidades entre a can\u00e7\u00e3o urbana de Lisboa e o choro brasileiro. Para este trabalho Cristina Clara reuniu m\u00fasicos de Portugal e Brasil particularmente representativos nos universos do fado, choro e jazz.<\/p>\n<p>&nbsp;<\/p>\n<p>B\u00e1rbara Faustino \u00e9 bailarina, performer e professora de dan\u00e7a formada pela Escola Municipal de Bailado do Teatro Municipal de S\u00e3o Paulo. Baseada em Portugal desde 2014, trabalhou como bailarina, gestora e professora de dan\u00e7a no Musib\u00e9ria \u2013 Centro Internacional de M\u00fasicas e Dan\u00e7as do Mundo Ib\u00e9rico \u2013 em Serpa, no Alentejo, onde desenvolveu pesquisa autoral nas \u00e1reas do ensino e da cria\u00e7\u00e3o em dan\u00e7a. Fundou a HIDRA cia. de dan\u00e7a, em parceria com a bailarina argentina Janice Iandritsky, faz parte do Mosaicollective e est\u00e1 a cursar o Mestrado em Ensino de Dan\u00e7a, na Escola Superior de Dan\u00e7a de Lisboa.<\/p>\n<p>&nbsp;<\/p>\n<p>Ariel Rodr\u00edguez \u00e9 pianista, arranjador e compositor de tango, conhecido principalmente por sua participa\u00e7\u00e3o por 15 anos na Orquesta El Arranque, que obteve duas indica\u00e7\u00f5es ao Grammy Latino, o pr\u00eamio Konex para o melhor conjunto de tango dos \u00faltimos 10 anos e o pr\u00eamio Carlos Gardel. Paralelamente a essa atividade, em 2002 ele fundou o grupo Decar\u00edsimo.<\/p>\n<p>&nbsp;<\/p>\n<p>Esse projeto foi premiado pelo Programa Iberm\u00fasicas na linha de Ajudas \u00e0 Circula\u00e7\u00e3o, edital 2023.<\/p>\n<p>&nbsp;<\/p>\n<ul>\n<li>7 de marzo, 21h en el espacio La Parceria, Madrid, Espa\u00f1a<\/li>\n<\/ul>\n","protected":false},"excerpt":{"rendered":"<p>Cristina Clara (cantora portuguesa), B\u00e1rbara Faustino (bailarina e core\u00f3grafa brasileira) e Ariel Rodriguez (pianista e compositor argentino) apresentam \u201cFrontera\u201d na Espanha, um espet\u00e1culo que funde m\u00fasica, dan\u00e7a e poesia. O corpo e o som s\u00e3o ferramentas, e a pele, uma linha costeira: ela d\u00e1 forma, da mesma forma que permite o contato com o mundo. [&hellip;]<\/p>\n","protected":false},"author":7,"featured_media":21662,"comment_status":"closed","ping_status":"closed","sticky":false,"template":"","format":"standard","meta":{"footnotes":""},"categories":[218],"tags":[],"class_list":["post-21664","post","type-post","status-publish","format-standard","has-post-thumbnail","hentry","category-noticias-generales-pt"],"lang":"pt","translations":{"pt":21664},"pll_sync_post":[],"post_mailing_queue_ids":[],"_links":{"self":[{"href":"http:\/\/staging.ibermusicas.org\/index.php\/wp-json\/wp\/v2\/posts\/21664","targetHints":{"allow":["GET"]}}],"collection":[{"href":"http:\/\/staging.ibermusicas.org\/index.php\/wp-json\/wp\/v2\/posts"}],"about":[{"href":"http:\/\/staging.ibermusicas.org\/index.php\/wp-json\/wp\/v2\/types\/post"}],"author":[{"embeddable":true,"href":"http:\/\/staging.ibermusicas.org\/index.php\/wp-json\/wp\/v2\/users\/7"}],"replies":[{"embeddable":true,"href":"http:\/\/staging.ibermusicas.org\/index.php\/wp-json\/wp\/v2\/comments?post=21664"}],"version-history":[{"count":1,"href":"http:\/\/staging.ibermusicas.org\/index.php\/wp-json\/wp\/v2\/posts\/21664\/revisions"}],"predecessor-version":[{"id":21665,"href":"http:\/\/staging.ibermusicas.org\/index.php\/wp-json\/wp\/v2\/posts\/21664\/revisions\/21665"}],"wp:featuredmedia":[{"embeddable":true,"href":"http:\/\/staging.ibermusicas.org\/index.php\/wp-json\/wp\/v2\/media\/21662"}],"wp:attachment":[{"href":"http:\/\/staging.ibermusicas.org\/index.php\/wp-json\/wp\/v2\/media?parent=21664"}],"wp:term":[{"taxonomy":"category","embeddable":true,"href":"http:\/\/staging.ibermusicas.org\/index.php\/wp-json\/wp\/v2\/categories?post=21664"},{"taxonomy":"post_tag","embeddable":true,"href":"http:\/\/staging.ibermusicas.org\/index.php\/wp-json\/wp\/v2\/tags?post=21664"}],"curies":[{"name":"wp","href":"https:\/\/api.w.org\/{rel}","templated":true}]}}