{"id":21666,"date":"2025-02-27T22:13:57","date_gmt":"2025-02-27T22:13:57","guid":{"rendered":"http:\/\/staging.ibermusicas.org\/?p=21666"},"modified":"2025-02-27T22:13:57","modified_gmt":"2025-02-27T22:13:57","slug":"la-artista-paraguaya-bianca-orqueda-sera-la-unica-representante-de-su-pais-en-el-festival-tribal-de-panama","status":"publish","type":"post","link":"http:\/\/staging.ibermusicas.org\/index.php\/la-artista-paraguaya-bianca-orqueda-sera-la-unica-representante-de-su-pais-en-el-festival-tribal-de-panama\/","title":{"rendered":"La artista paraguaya Bianca Orqueda ser\u00e1 la \u00fanica representante de su pa\u00eds en el Festival Tribal de Panam\u00e1"},"content":{"rendered":"<p>La artista paraguaya del pueblo Nivacl\u00e9, Bianca Orqueda, se presentar\u00e1 en la edici\u00f3n 2025 del Festival Tribal en Panam\u00e1, siendo la \u00fanica artista paraguaya que forma parte del line up del Festival.<\/p>\n<p>.<\/p>\n<p>Este esperado evento reunir\u00e1 lo mejor de la m\u00fasica y las artes tribales en un espacio \u00fanico, promoviendo el intercambio cultural entre artistas de diferentes partes del mundo.<\/p>\n<p>En esta ocasi\u00f3n, Bianca Orqueda ser\u00e1 acompa\u00f1ada por la artista Abril Casco, en bajo y coros, creando una experiencia sonora vibrante y \u00fanica.<\/p>\n<p>&nbsp;<\/p>\n<p>El Festival Tribal, reconocido por su capacidad de fusionar m\u00fasica tradicional y contempor\u00e1nea, se presenta como referente para la m\u00fasica ind\u00edgena y la fusi\u00f3n de g\u00e9neros en Latinoam\u00e9rica. Esta edici\u00f3n contar\u00e1 con una serie de conciertos, talleres y actividades culturales, donde los asistentes podr\u00e1n disfrutar de la magia de la m\u00fasica en vivo y sumergirse en la diversidad de sonidos del continente.<\/p>\n<p>&nbsp;<\/p>\n<p>Este viaje de la artista paraguaya es posible gracias al apoyo del Programa Iberm\u00fasicas mediante su l\u00ednea de \u201cAyuda a la circulaci\u00f3n de profesionales de la m\u00fasica\u201d, convocatoria 2024.<\/p>\n<p>&nbsp;<\/p>\n<ul>\n<li>Del 8 al 24 de marzo en el Festival Tribal de Panam\u00e1<\/li>\n<\/ul>\n","protected":false},"excerpt":{"rendered":"<p>La artista paraguaya del pueblo Nivacl\u00e9, Bianca Orqueda, se presentar\u00e1 en la edici\u00f3n 2025 del Festival Tribal en Panam\u00e1, siendo la \u00fanica artista paraguaya que forma parte del line up del Festival. . Este esperado evento reunir\u00e1 lo mejor de la m\u00fasica y las artes tribales en un espacio \u00fanico, promoviendo el intercambio cultural entre [&hellip;]<\/p>\n","protected":false},"author":7,"featured_media":21667,"comment_status":"closed","ping_status":"closed","sticky":false,"template":"","format":"standard","meta":{"footnotes":""},"categories":[53],"tags":[],"class_list":["post-21666","post","type-post","status-publish","format-standard","has-post-thumbnail","hentry","category-noticias-generales"],"lang":"es","translations":{"es":21666},"pll_sync_post":[],"post_mailing_queue_ids":[],"_links":{"self":[{"href":"http:\/\/staging.ibermusicas.org\/index.php\/wp-json\/wp\/v2\/posts\/21666","targetHints":{"allow":["GET"]}}],"collection":[{"href":"http:\/\/staging.ibermusicas.org\/index.php\/wp-json\/wp\/v2\/posts"}],"about":[{"href":"http:\/\/staging.ibermusicas.org\/index.php\/wp-json\/wp\/v2\/types\/post"}],"author":[{"embeddable":true,"href":"http:\/\/staging.ibermusicas.org\/index.php\/wp-json\/wp\/v2\/users\/7"}],"replies":[{"embeddable":true,"href":"http:\/\/staging.ibermusicas.org\/index.php\/wp-json\/wp\/v2\/comments?post=21666"}],"version-history":[{"count":1,"href":"http:\/\/staging.ibermusicas.org\/index.php\/wp-json\/wp\/v2\/posts\/21666\/revisions"}],"predecessor-version":[{"id":21668,"href":"http:\/\/staging.ibermusicas.org\/index.php\/wp-json\/wp\/v2\/posts\/21666\/revisions\/21668"}],"wp:featuredmedia":[{"embeddable":true,"href":"http:\/\/staging.ibermusicas.org\/index.php\/wp-json\/wp\/v2\/media\/21667"}],"wp:attachment":[{"href":"http:\/\/staging.ibermusicas.org\/index.php\/wp-json\/wp\/v2\/media?parent=21666"}],"wp:term":[{"taxonomy":"category","embeddable":true,"href":"http:\/\/staging.ibermusicas.org\/index.php\/wp-json\/wp\/v2\/categories?post=21666"},{"taxonomy":"post_tag","embeddable":true,"href":"http:\/\/staging.ibermusicas.org\/index.php\/wp-json\/wp\/v2\/tags?post=21666"}],"curies":[{"name":"wp","href":"https:\/\/api.w.org\/{rel}","templated":true}]}}