{"id":21669,"date":"2025-02-27T22:15:04","date_gmt":"2025-02-27T22:15:04","guid":{"rendered":"http:\/\/staging.ibermusicas.org\/?p=21669"},"modified":"2025-02-28T16:38:00","modified_gmt":"2025-02-28T16:38:00","slug":"la-artista-paraguaya-bianca-orqueda-sera-la-unica-representante-de-su-pais-en-el-festival-tribal-de-panama-2","status":"publish","type":"post","link":"http:\/\/staging.ibermusicas.org\/index.php\/la-artista-paraguaya-bianca-orqueda-sera-la-unica-representante-de-su-pais-en-el-festival-tribal-de-panama-2\/","title":{"rendered":"A artista paraguaia Bianca Orqueda ser\u00e1 a \u00fanica representante do seu pa\u00eds no Festival Tribal do Panam\u00e1"},"content":{"rendered":"<p>A artista paraguaia do povo Nivacl\u00e9, Bianca Orqueda, se apresentar\u00e1 na edi\u00e7\u00e3o 2025 do Festival Tribal no Panam\u00e1, sendo a \u00fanica artista paraguaia a fazer parte do line up do Festival.<\/p>\n<p>Este evento t\u00e3o esperado reunir\u00e1 o melhor da m\u00fasica e das artes tribais num espa\u00e7o \u00fanico, promovendo o interc\u00e2mbio cultural entre artistas de diferentes partes do mundo.<\/p>\n<p>Nesta ocasi\u00e3o, Bianca Orqueda ser\u00e1 acompanhada pelo artista abril Casco, no baixo e backing vocals, criando uma experi\u00eancia sonora vibrante e \u00fanica.<\/p>\n<p>O Festival Tribal, reconhecido pela sua capacidade de fundir m\u00fasica tradicional e contempor\u00e2nea, \u00e9 apresentado como uma refer\u00eancia para a m\u00fasica ind\u00edgena e a fus\u00e3o de g\u00e9neros na Am\u00e9rica Latina. Esta edi\u00e7\u00e3o contar\u00e1 com uma s\u00e9rie de concertos, workshops e actividades culturais, onde os participantes poder\u00e3o desfrutar da magia da m\u00fasica ao vivo e mergulhar nos diversos sons do continente.<\/p>\n<p>Esta viagem do artista paraguaio \u00e9 poss\u00edvel gra\u00e7as ao apoio do Programa Iberm\u00fasicas atrav\u00e9s da sua linha de \u201cApoio \u00e0 circula\u00e7\u00e3o de profissionais da m\u00fasica\u201d, convocat\u00f3ria 2024.<\/p>\n<ul>\n<li>De 8 a 24 de mar\u00e7o no Festival Tribal do Panam\u00e1<\/li>\n<\/ul>\n","protected":false},"excerpt":{"rendered":"<p>A artista paraguaia do povo Nivacl\u00e9, Bianca Orqueda, se apresentar\u00e1 na edi\u00e7\u00e3o 2025 do Festival Tribal no Panam\u00e1, sendo a \u00fanica artista paraguaia a fazer parte do line up do Festival. Este evento t\u00e3o esperado reunir\u00e1 o melhor da m\u00fasica e das artes tribais num espa\u00e7o \u00fanico, promovendo o interc\u00e2mbio cultural entre artistas de diferentes [&hellip;]<\/p>\n","protected":false},"author":7,"featured_media":21667,"comment_status":"closed","ping_status":"closed","sticky":false,"template":"","format":"standard","meta":{"footnotes":""},"categories":[218],"tags":[],"class_list":["post-21669","post","type-post","status-publish","format-standard","has-post-thumbnail","hentry","category-noticias-generales-pt"],"lang":"pt","translations":{"pt":21669},"pll_sync_post":[],"post_mailing_queue_ids":[],"_links":{"self":[{"href":"http:\/\/staging.ibermusicas.org\/index.php\/wp-json\/wp\/v2\/posts\/21669","targetHints":{"allow":["GET"]}}],"collection":[{"href":"http:\/\/staging.ibermusicas.org\/index.php\/wp-json\/wp\/v2\/posts"}],"about":[{"href":"http:\/\/staging.ibermusicas.org\/index.php\/wp-json\/wp\/v2\/types\/post"}],"author":[{"embeddable":true,"href":"http:\/\/staging.ibermusicas.org\/index.php\/wp-json\/wp\/v2\/users\/7"}],"replies":[{"embeddable":true,"href":"http:\/\/staging.ibermusicas.org\/index.php\/wp-json\/wp\/v2\/comments?post=21669"}],"version-history":[{"count":2,"href":"http:\/\/staging.ibermusicas.org\/index.php\/wp-json\/wp\/v2\/posts\/21669\/revisions"}],"predecessor-version":[{"id":21704,"href":"http:\/\/staging.ibermusicas.org\/index.php\/wp-json\/wp\/v2\/posts\/21669\/revisions\/21704"}],"wp:featuredmedia":[{"embeddable":true,"href":"http:\/\/staging.ibermusicas.org\/index.php\/wp-json\/wp\/v2\/media\/21667"}],"wp:attachment":[{"href":"http:\/\/staging.ibermusicas.org\/index.php\/wp-json\/wp\/v2\/media?parent=21669"}],"wp:term":[{"taxonomy":"category","embeddable":true,"href":"http:\/\/staging.ibermusicas.org\/index.php\/wp-json\/wp\/v2\/categories?post=21669"},{"taxonomy":"post_tag","embeddable":true,"href":"http:\/\/staging.ibermusicas.org\/index.php\/wp-json\/wp\/v2\/tags?post=21669"}],"curies":[{"name":"wp","href":"https:\/\/api.w.org\/{rel}","templated":true}]}}