{"id":21673,"date":"2025-02-27T22:23:34","date_gmt":"2025-02-27T22:23:34","guid":{"rendered":"http:\/\/staging.ibermusicas.org\/?p=21673"},"modified":"2025-03-27T17:49:56","modified_gmt":"2025-03-27T17:49:56","slug":"comienza-el-4to-ciclo-anual-de-practicas-de-choro-en-buenos-aires-argentina","status":"publish","type":"post","link":"http:\/\/staging.ibermusicas.org\/index.php\/comienza-el-4to-ciclo-anual-de-practicas-de-choro-en-buenos-aires-argentina\/","title":{"rendered":"Comienza el 4to Ciclo Anual de Pr\u00e1cticas de Choro en Buenos Aires, Argentina"},"content":{"rendered":"<p>La agrupaci\u00f3n de choro argentina Mistura &amp; Manda, a trav\u00e9s de su proyecto de formaci\u00f3n \u00abChoro Parceiro Argentina\u00bb propone el 4to Ciclo anual de \u00abPr\u00e1cticas de choro\u00bb destinadas a m\u00fasicos\/as que deseen conocer o profundizar sus conocimientos en este hermoso g\u00e9nero musical instrumental t\u00edpicamente carioca. Con la coordinaci\u00f3n de un plantel de m\u00fasicos\/as de trayectoria en el g\u00e9nero, se llevar\u00e1n a cabo diez pr\u00e1cticas de choro con una frecuencia mensual.<\/p>\n<p>&nbsp;<\/p>\n<p>Mistura &amp; Manda es un grupo de m\u00fasicos argentinos dedicado con exclusividad al choro desde hace 20 a\u00f1os. A partir de 2020 suman a su actividad musical la tarea de difundir y ense\u00f1ar el g\u00e9nero musical a trav\u00e9s de su iniciativa Choro Parceiro Argentina, un proyecto que cuenta con el aval institucional de la Escola Port\u00e1til de M\u00fasica &#8211; EPM Rio de Janeiro.<\/p>\n<p>&nbsp;<\/p>\n<p>Desde el a\u00f1o 2004 y de manera ininterrumpida, Mistura &amp; Manda ha brindado una gran cantidad de presentaciones en todo tipo de salas y para diversos p\u00fablicos, pasando por prestigiosas salas de concierto, universidades, festivales, bares, centros culturales, institutos de idiomas, radios, casas de m\u00fasica en vivo, entre otros. Han sido seleccionados reiteradamente para la programaci\u00f3n de los \u00abBares Notables\u00bb por el Ministerio de Cultura de la Ciudad de Buenos Aires.<\/p>\n<p>&nbsp;<\/p>\n<p>En 2011 editaron su primer CD \u201cChoro Vivo\u201d en el que qued\u00f3 registrado parte de su trabajo de arreglos, interpretaci\u00f3n y composici\u00f3n dentro del g\u00e9nero.<\/p>\n<p>&nbsp;<\/p>\n<p>Realizaron varias presentaciones en la Embajada de Brasil, la cual otorg\u00f3 al grupo una carta de apoyo institucional. Siendo beneficiarios de un apoyo de Iberm\u00fasicas en 2015, presentaron al a\u00f1o siguiente su segundo disco \u201cLloros\u201d (choros de compositores argentinos) en la \u201cCasa do Choro\u201d de R\u00edo de Janeiro y en la Escola Port\u00e1til de M\u00fasica de R\u00edo de Janeiro con gran aceptaci\u00f3n por parte de renombrados m\u00fasicos cariocas y del p\u00fablico especializado.<\/p>\n<p>&nbsp;<\/p>\n<p>Este segundo disco fue dedicado a compositores argentinos que incursionaron en el choro, demostrando los estrechos lazos culturales existentes entre las capitales de ambos pa\u00edses desde la d\u00e9cada del 20\u00b4 en adelante. El trabajo re\u00fane obras de grandes maestros como Atahualpa Yupanqui, Eduardo Fal\u00fa, Horacio Salg\u00e1n, Oscar Alem\u00e1n, Roberto Grela, Juan Fal\u00fa, Rudi Flores y composiciones de Gabriel Trucco, Esteban Iba\u00f1ez y Sebasti\u00e1n Luna, integrantes de Mistura &amp; Manda. Esta producci\u00f3n, que cuenta con invitados de la talla de Juan Fal\u00fa, Rudi y Nini Flores, y del Tr\u00edo Turuna (Brasil) fue elegida por el diario P\u00e1gina 12 como uno de los 10 mejores discos del a\u00f1o 2016. En 2018, parte de este material fue presentado junto a la Orquesta de C\u00e1mara del Congreso de la Naci\u00f3n, con arreglos especialmente escritos para la ocasi\u00f3n por grandes arregladores cariocas (Mauricio Carrilho, Paulo Aragao, Pedro Paes, Jayme Vignoli).<\/p>\n<p>&nbsp;<\/p>\n<p>En 2019 realizaron una presentaci\u00f3n en Buenos Aires junto a dos referentes del g\u00e9nero como Mauricio Carrilho y Paulo Aragao, y comenzaron, el ciclo de conciertos \u201cVibraciones\u201d por los 15 a\u00f1os de trayectoria del grupo, contando con invitados especiales como Andr\u00e9s Pilar, Noelia Moncada, Rudi Flores, Rogerio Souza y Juan Fal\u00fa.<\/p>\n<p>&nbsp;<\/p>\n<p>En 2020 crean el proyecto \u00abChoro Parceiro Argentina\u00bb, espacio de formaci\u00f3n para m\u00fasicos\/as de la regi\u00f3n, sumando a la saxofonista Magal\u00ed Carballo como integrante del plantel docente. Obtuvieron la Beca Formadores 2021, otorgada por el Fondo Nacional de las Artes (FNA) y han llevado adelante el ciclo anual de Pr\u00e1cticas de Choro durante 2022, 2023 y 2024.<\/p>\n<p>&nbsp;<\/p>\n<p>En la convocatoria 2024 del Programa Iberm\u00fasicas, recibieron el Premio Especial Brasil\/Iberm\u00fasicas otorgado por la FUNARTE (Fundaci\u00f3n Nacional de Arte) de Brasil, sumando as\u00ed otro merecido reconocimiento a su labor, esta vez otorgado desde la m\u00e1xima instituci\u00f3n gubernamental de cultura del pa\u00eds de origen del choro. Este premio especial del Programa Iberm\u00fasicas en colaboraci\u00f3n directa con FUNARTE, pretende mapear ya la vez reconocer, las iniciativas que se dedican a la difusi\u00f3n, investigaci\u00f3n y ense\u00f1anza de las m\u00fasicas de Brasil, en cualquier lugar del mundo y fuera del territorio nacional.<\/p>\n<p>&nbsp;<\/p>\n<p>&nbsp;<\/p>\n<ul>\n<li>Desde el domingo 9 de marzo, siempre de 17h a 19h30 y durante 9 domingos m\u00e1s hasta el mes de diciembre en \u00abBar de Fondo\u00bb, Juli\u00e1n \u00c1lvarez 1200, Palermo, Buenos Aires, Argentina<\/li>\n<li>Fechas de los pr\u00f3ximos encuentros: 6 de abril, 11 de mayo, 1ero de junio, 6 de julio, 3 de agosto, 7 de septiembre, 5 de octubre, 2 de noviembre y 14 de diciembre<\/li>\n<li>Inscripciones en: @choroparceiro_argentina<\/li>\n<\/ul>\n","protected":false},"excerpt":{"rendered":"<p>La agrupaci\u00f3n de choro argentina Mistura &amp; Manda, a trav\u00e9s de su proyecto de formaci\u00f3n \u00abChoro Parceiro Argentina\u00bb propone el 4to Ciclo anual de \u00abPr\u00e1cticas de choro\u00bb destinadas a m\u00fasicos\/as que deseen conocer o profundizar sus conocimientos en este hermoso g\u00e9nero musical instrumental t\u00edpicamente carioca. Con la coordinaci\u00f3n de un plantel de m\u00fasicos\/as de trayectoria [&hellip;]<\/p>\n","protected":false},"author":7,"featured_media":21674,"comment_status":"closed","ping_status":"closed","sticky":false,"template":"","format":"standard","meta":{"footnotes":""},"categories":[53],"tags":[],"class_list":["post-21673","post","type-post","status-publish","format-standard","has-post-thumbnail","hentry","category-noticias-generales"],"lang":"es","translations":{"es":21673},"pll_sync_post":[],"post_mailing_queue_ids":[],"_links":{"self":[{"href":"http:\/\/staging.ibermusicas.org\/index.php\/wp-json\/wp\/v2\/posts\/21673","targetHints":{"allow":["GET"]}}],"collection":[{"href":"http:\/\/staging.ibermusicas.org\/index.php\/wp-json\/wp\/v2\/posts"}],"about":[{"href":"http:\/\/staging.ibermusicas.org\/index.php\/wp-json\/wp\/v2\/types\/post"}],"author":[{"embeddable":true,"href":"http:\/\/staging.ibermusicas.org\/index.php\/wp-json\/wp\/v2\/users\/7"}],"replies":[{"embeddable":true,"href":"http:\/\/staging.ibermusicas.org\/index.php\/wp-json\/wp\/v2\/comments?post=21673"}],"version-history":[{"count":1,"href":"http:\/\/staging.ibermusicas.org\/index.php\/wp-json\/wp\/v2\/posts\/21673\/revisions"}],"predecessor-version":[{"id":21675,"href":"http:\/\/staging.ibermusicas.org\/index.php\/wp-json\/wp\/v2\/posts\/21673\/revisions\/21675"}],"wp:featuredmedia":[{"embeddable":true,"href":"http:\/\/staging.ibermusicas.org\/index.php\/wp-json\/wp\/v2\/media\/21674"}],"wp:attachment":[{"href":"http:\/\/staging.ibermusicas.org\/index.php\/wp-json\/wp\/v2\/media?parent=21673"}],"wp:term":[{"taxonomy":"category","embeddable":true,"href":"http:\/\/staging.ibermusicas.org\/index.php\/wp-json\/wp\/v2\/categories?post=21673"},{"taxonomy":"post_tag","embeddable":true,"href":"http:\/\/staging.ibermusicas.org\/index.php\/wp-json\/wp\/v2\/tags?post=21673"}],"curies":[{"name":"wp","href":"https:\/\/api.w.org\/{rel}","templated":true}]}}