{"id":21676,"date":"2025-02-27T22:24:35","date_gmt":"2025-02-27T22:24:35","guid":{"rendered":"http:\/\/staging.ibermusicas.org\/?p=21676"},"modified":"2025-03-27T17:55:40","modified_gmt":"2025-03-27T17:55:40","slug":"inicia-o-4o-ciclo-anual-de-practicas-de-choro-em-buenos-aires-argentina","status":"publish","type":"post","link":"http:\/\/staging.ibermusicas.org\/index.php\/inicia-o-4o-ciclo-anual-de-practicas-de-choro-em-buenos-aires-argentina\/","title":{"rendered":"Inicia o 4\u00ba Ciclo Anual de Pr\u00e1cticas de Choro em Buenos Aires, Argentina"},"content":{"rendered":"<p>O grupo de choro argentino Mistura &amp; Manda, atrav\u00e9s de seu projeto de forma\u00e7\u00e3o \u00abChoro Parceiro Argentina\u00bb, prop\u00f5e o 4\u00ba Ciclo Anual de \u00abPr\u00e1ticas de Choro\u00bb para m\u00fasicos que desejam aprender ou aprofundar seus conhecimentos neste belo g\u00eanero musical instrumental tipicamente carioca. Com a coordena\u00e7\u00e3o de um grupo de m\u00fasicos com experi\u00eancia no g\u00eanero, ser\u00e3o realizadas dez pr\u00e1ticas de choro por m\u00eas.<\/p>\n<p>&nbsp;<\/p>\n<p>Mistura &amp; Manda \u00e9 um grupo de m\u00fasicos argentinos que se dedica exclusivamente ao choro h\u00e1 20 anos. A partir de 2020, acrescentaram \u00e0 sua atividade musical a tarefa de divulgar e ensinar o g\u00eanero musical por meio da iniciativa Choro Parceiro Argentina, um projeto que conta com o apoio institucional da Escola Port\u00e1til de M\u00fasica &#8211; EPM Rio de Janeiro.<\/p>\n<p>&nbsp;<\/p>\n<p>Desde 2004, e de forma ininterrupta, Mistura &amp; Manda tem realizado um grande n\u00famero de apresenta\u00e7\u00f5es em todos os tipos de locais e para diferentes p\u00fablicos, incluindo prestigiadas salas de concerto, universidades, festivais, bares, centros culturais, institutos de idiomas, esta\u00e7\u00f5es de r\u00e1dio, casas de m\u00fasica ao vivo, entre outros. Eles foram repetidamente selecionados para a programa\u00e7\u00e3o dos \u201cBares Notables\u201d do Minist\u00e9rio da Cultura da Cidade de Buenos Aires.<\/p>\n<p>&nbsp;<\/p>\n<p>Em 2011, lan\u00e7aram seu primeiro CD \u201cChoro Vivo\u201d, no qual registraram parte de seu trabalho de arranjos, interpreta\u00e7\u00e3o e composi\u00e7\u00e3o dentro do g\u00eanero.<\/p>\n<p>&nbsp;<\/p>\n<p>Fizeram v\u00e1rias apresenta\u00e7\u00f5es na Embaixada do Brasil, que concedeu ao grupo uma carta de apoio institucional. Tendo recebido o apoio do Iberm\u00fasicas em 2015, no ano seguinte apresentaram seu segundo disco \u201cLloros\u201d (choros de compositores argentinos) na Casa do Choro do Rio de Janeiro e na Escola Port\u00e1til de M\u00fasica do Rio de Janeiro, com grande aclama\u00e7\u00e3o de renomados m\u00fasicos cariocas e do p\u00fablico especializado.<\/p>\n<p>&nbsp;<\/p>\n<p>Este segundo disco foi dedicado aos compositores argentinos que se aventuraram no choro, demonstrando os estreitos la\u00e7os culturais entre as capitais dos dois pa\u00edses a partir da d\u00e9cada de 1920. O trabalho re\u00fane obras de grandes mestres como Atahualpa Yupanqui, Eduardo Fal\u00fa, Horacio Salg\u00e1n, Oscar Alem\u00e1n, Roberto Grela, Juan Fal\u00fa, Rudi Flores e composi\u00e7\u00f5es de Gabriel Trucco, Esteban Iba\u00f1ez e Sebasti\u00e1n Luna, integrantes do Mistura &amp; Manda. Essa produ\u00e7\u00e3o, que conta com convidados do porte de Juan Fal\u00fa, Rudi e Nini Flores, e o Tr\u00edo Turuna (Brasil), foi escolhida pelo jornal P\u00e1gina 12 como um dos 10 melhores \u00e1lbuns de 2016. Em 2018, parte desse material foi apresentado com a Orquesta de C\u00e1mara del Congreso de la Naci\u00f3n, com arranjos especialmente escritos para a ocasi\u00e3o por grandes arranjadores cariocas (Mauricio Carrilho, Paulo Aragao, Pedro Paes, Jayme Vignoli).<\/p>\n<p>&nbsp;<\/p>\n<p>Em 2019 fizeram uma apresenta\u00e7\u00e3o em Buenos Aires com duas refer\u00eancias do g\u00eanero como Mauricio Carrilho e Paulo Aragao, e iniciaram a s\u00e9rie de shows \u201cVibraciones\u201d pelos 15 anos de carreira do grupo, com convidados especiais como Andr\u00e9s Pilar, Noelia Moncada, Rudi Flores, Rogerio Souza e Juan Fal\u00fa.<\/p>\n<p>&nbsp;<\/p>\n<p>Em 2020, criaram o projeto \u00abChoro Parceiro Argentina\u00bb, um espa\u00e7o de forma\u00e7\u00e3o para m\u00fasicos da regi\u00e3o, incorporando a saxofonista Magal\u00ed Carballo como membro do corpo docente. Obtiveram a Beca Formadores 2021, concedida pelo Fondo Nacional de las Artes (FNA) e realizaram o ciclo anual de Pr\u00e1ticas de Choro durante 2022, 2023 e 2024.<\/p>\n<p>&nbsp;<\/p>\n<p>Na convocat\u00f3ria 2024 do Programa Iberm\u00fasicas, receberam o Pr\u00eamio Especial Brasil\/Iberm\u00fasicas concedido pela FUNARTE (Funda\u00e7\u00e3o Nacional de Arte) do Brasil, somando assim mais um merecido reconhecimento ao seu trabalho, desta vez concedido pela mais alta institui\u00e7\u00e3o governamental de cultura do pa\u00eds de origem do choro. Este pr\u00eamio especial do Programa Iberm\u00fasicas, em colabora\u00e7\u00e3o direta com a FUNARTE, tem como objetivo mapear e ao mesmo tempo reconhecer as iniciativas dedicadas \u00e0 divulga\u00e7\u00e3o, pesquisa e ensino da m\u00fasica brasileira, em qualquer parte do mundo e fora do territ\u00f3rio nacional.<\/p>\n<p>&nbsp;<\/p>\n<ul>\n<li>A partir de domingo, 9 de mar\u00e7o, sempre das 17h \u00e0s 19h30 e durante mais 9 domingos at\u00e9 dezembro no \u201cBar de Fondo\u201d, Juli\u00e1n \u00c1lvarez 1200, Palermo, Buenos Aires, Argentina.<\/li>\n<li>Datas das pr\u00f3ximas reuni\u00f5es: 6 de abril, 11 de maio, 1\u00ba de junho, 6 de julho, 3 de agosto, 7 de setembro, 5 de outubro, 2 de novembro e 14 de dezembro<\/li>\n<li>Inscri\u00e7\u00f5es em: @choroparceiro_argentina<\/li>\n<\/ul>\n","protected":false},"excerpt":{"rendered":"<p>O grupo de choro argentino Mistura &amp; Manda, atrav\u00e9s de seu projeto de forma\u00e7\u00e3o \u00abChoro Parceiro Argentina\u00bb, prop\u00f5e o 4\u00ba Ciclo Anual de \u00abPr\u00e1ticas de Choro\u00bb para m\u00fasicos que desejam aprender ou aprofundar seus conhecimentos neste belo g\u00eanero musical instrumental tipicamente carioca. Com a coordena\u00e7\u00e3o de um grupo de m\u00fasicos com experi\u00eancia no g\u00eanero, ser\u00e3o [&hellip;]<\/p>\n","protected":false},"author":7,"featured_media":21674,"comment_status":"closed","ping_status":"closed","sticky":false,"template":"","format":"standard","meta":{"footnotes":""},"categories":[218],"tags":[],"class_list":["post-21676","post","type-post","status-publish","format-standard","has-post-thumbnail","hentry","category-noticias-generales-pt"],"lang":"pt","translations":{"pt":21676},"pll_sync_post":[],"post_mailing_queue_ids":[],"_links":{"self":[{"href":"http:\/\/staging.ibermusicas.org\/index.php\/wp-json\/wp\/v2\/posts\/21676","targetHints":{"allow":["GET"]}}],"collection":[{"href":"http:\/\/staging.ibermusicas.org\/index.php\/wp-json\/wp\/v2\/posts"}],"about":[{"href":"http:\/\/staging.ibermusicas.org\/index.php\/wp-json\/wp\/v2\/types\/post"}],"author":[{"embeddable":true,"href":"http:\/\/staging.ibermusicas.org\/index.php\/wp-json\/wp\/v2\/users\/7"}],"replies":[{"embeddable":true,"href":"http:\/\/staging.ibermusicas.org\/index.php\/wp-json\/wp\/v2\/comments?post=21676"}],"version-history":[{"count":1,"href":"http:\/\/staging.ibermusicas.org\/index.php\/wp-json\/wp\/v2\/posts\/21676\/revisions"}],"predecessor-version":[{"id":21677,"href":"http:\/\/staging.ibermusicas.org\/index.php\/wp-json\/wp\/v2\/posts\/21676\/revisions\/21677"}],"wp:featuredmedia":[{"embeddable":true,"href":"http:\/\/staging.ibermusicas.org\/index.php\/wp-json\/wp\/v2\/media\/21674"}],"wp:attachment":[{"href":"http:\/\/staging.ibermusicas.org\/index.php\/wp-json\/wp\/v2\/media?parent=21676"}],"wp:term":[{"taxonomy":"category","embeddable":true,"href":"http:\/\/staging.ibermusicas.org\/index.php\/wp-json\/wp\/v2\/categories?post=21676"},{"taxonomy":"post_tag","embeddable":true,"href":"http:\/\/staging.ibermusicas.org\/index.php\/wp-json\/wp\/v2\/tags?post=21676"}],"curies":[{"name":"wp","href":"https:\/\/api.w.org\/{rel}","templated":true}]}}