{"id":21678,"date":"2025-02-27T22:25:48","date_gmt":"2025-02-27T22:25:48","guid":{"rendered":"http:\/\/staging.ibermusicas.org\/?p=21678"},"modified":"2025-03-27T17:49:48","modified_gmt":"2025-03-27T17:49:48","slug":"la-reconocida-cantante-paraguaya-lizza-bogado-lleva-su-espectaculo-laboratorio-del-alma-a-costa-rica","status":"publish","type":"post","link":"http:\/\/staging.ibermusicas.org\/index.php\/la-reconocida-cantante-paraguaya-lizza-bogado-lleva-su-espectaculo-laboratorio-del-alma-a-costa-rica\/","title":{"rendered":"La reconocida cantante paraguaya Lizza Bogado lleva su espect\u00e1culo \u201cLaboratorio del Alma\u201d a Costa Rica"},"content":{"rendered":"<p>Lizza Bogado, se prepara para cautivar al p\u00fablico costarricense con su inigualable voz y su nuevo material discogr\u00e1fico, \u201cLaboratorio del Alma\u201d. La artista, quien ha recorrido el mundo con su m\u00fasica, llevar\u00e1 a Costa Rica un espect\u00e1culo lleno de emociones y sorpresas.<\/p>\n<p>&nbsp;<\/p>\n<p>En esta gira, Lizza Bogado presentar\u00e1 las canciones de su \u00faltimo \u00e1lbum, un trabajo introspectivo que explora las profundidades del alma humana. Con letras conmovedoras y melod\u00edas envolventes, \u201cLaboratorio del Alma\u201d promete ser una experiencia musical \u00fanica para todos los asistentes.<\/p>\n<p>&nbsp;<\/p>\n<p>El nuevo \u00e1lbum cuenta con la participaci\u00f3n de Esteban Godoy en piano, Dahia Valenzuela en guitarras ac\u00fastica y el\u00e9ctrica, Nicolas Mendoza \u201cKiko\u201d en guitarra criolla, Paula Rodr\u00edguez en bajo, Sixto Corbar\u00e1n en el arpa y Gonzalo Resqu\u00edn en la bater\u00eda y percusi\u00f3n y con la participaci\u00f3n especial en el coro de ni\u00f1os de Olivia Villalba Galindo y Mauricio Aquino Galindo.<\/p>\n<p>&nbsp;<\/p>\n<p>Lizza Bogado Inici\u00f3 su carrera art\u00edstica en el a\u00f1o 1981, ganando el premio a la mejor solista en el Festival de Ypacara\u00ed, principal festival folkl\u00f3rico del Paraguay. Seguidamente, se sucedieron varios materiales discogr\u00e1ficos de m\u00fasica paraguaya e internacional que tuvieron alta difusi\u00f3n y hoy pertenecen al acervo cultural paraguayo. Adem\u00e1s ha actuado en teatro, mostrando versatilidad combinando las facetas de actriz, cantante, bailarina y core\u00f3grafa.<\/p>\n<p>&nbsp;<\/p>\n<p>En el a\u00f1o 1985 represent\u00f3 al Paraguay en el Festival Iberoamericano de la Canci\u00f3n (OTI) en Sevilla, Espa\u00f1a y en la exposici\u00f3n Universal 1992 realizada en la misma ciudad. En 1985 obtuvo el premio \u00abRecuerdos de Ypacara\u00ed\u00bb por decisi\u00f3n un\u00e1nime del jurado y en 1993, el premio a la mejor solista del Festival Internacional de la Canci\u00f3n celebrado en Quito, Ecuador.<\/p>\n<p>&nbsp;<\/p>\n<p>Lizza Bogado cuenta con una discograf\u00eda variada y m\u00e1s de cuatro d\u00e9cadas actuando en escenarios de Am\u00e9rica, Europa, Asia y \u00c1frica, siendo la primera compositora paraguaya en cantar en las \u00d3peras de Alejandr\u00eda y El Cairo.<\/p>\n<p>&nbsp;<\/p>\n<p>Tambi\u00e9n puso m\u00fasica a radionovela transmitida por Radio Nederland en Holanda y es la autora de la canci\u00f3n \u201cUn S\u00f3lo Canto\u201d, himno del bicentenario de su pa\u00eds que se ha reproducido m\u00e1s de medio mill\u00f3n de veces en plataformas digitales y medios tradicionales.<\/p>\n<p>&nbsp;<\/p>\n<p>En junio de 2020 fue distinguida con el premio \u201cMaestra del Arte\u201d, el mayor reconocimiento que el Centro Cultural de la Rep\u00fablica El Cabildo, extensi\u00f3n del Congreso Nacional, otorga anualmente a los artistas m\u00e1s destacados del Paraguay siendo la primera mujer compositora paraguaya en recibirlo. En diciembre de 2023, Lizza Bogado fue distinguida con el \u201cPremio Nacional de M\u00fasica\u201d en la categor\u00eda popular o vern\u00e1cula por su obra \u201cUn solo canto\u201d, canci\u00f3n oficial del Bicentenario Paraguayo.<\/p>\n<p>&nbsp;<\/p>\n<p>Este proyecto de Lizza Bogado ha sido ganador de la convocatoria 2024 del Programa Iberm\u00fasicas en su l\u00ednea de \u201cAyuda a la circulaci\u00f3n de profesionales de la m\u00fasica\u201d.<\/p>\n<p>&nbsp;<\/p>\n<ul>\n<li>9 de marzo, 20h: Iglesia Colonial de Nicoya, Guanacaste, Costa Rica<\/li>\n<li>11 de marzo, 20h: Centro Cultural de Espa\u00f1a, San Jos\u00e9, Costa Rica<\/li>\n<li>12 de marzo, 20h: Tecnol\u00f3gico de Costa Rica, Auditorio del Centro de las Artes, Cartago, Costa Rica<\/li>\n<\/ul>\n","protected":false},"excerpt":{"rendered":"<p>Lizza Bogado, se prepara para cautivar al p\u00fablico costarricense con su inigualable voz y su nuevo material discogr\u00e1fico, \u201cLaboratorio del Alma\u201d. La artista, quien ha recorrido el mundo con su m\u00fasica, llevar\u00e1 a Costa Rica un espect\u00e1culo lleno de emociones y sorpresas. &nbsp; En esta gira, Lizza Bogado presentar\u00e1 las canciones de su \u00faltimo \u00e1lbum, [&hellip;]<\/p>\n","protected":false},"author":7,"featured_media":21679,"comment_status":"closed","ping_status":"closed","sticky":false,"template":"","format":"standard","meta":{"footnotes":""},"categories":[53],"tags":[],"class_list":["post-21678","post","type-post","status-publish","format-standard","has-post-thumbnail","hentry","category-noticias-generales"],"lang":"es","translations":{"es":21678},"pll_sync_post":[],"post_mailing_queue_ids":[],"_links":{"self":[{"href":"http:\/\/staging.ibermusicas.org\/index.php\/wp-json\/wp\/v2\/posts\/21678","targetHints":{"allow":["GET"]}}],"collection":[{"href":"http:\/\/staging.ibermusicas.org\/index.php\/wp-json\/wp\/v2\/posts"}],"about":[{"href":"http:\/\/staging.ibermusicas.org\/index.php\/wp-json\/wp\/v2\/types\/post"}],"author":[{"embeddable":true,"href":"http:\/\/staging.ibermusicas.org\/index.php\/wp-json\/wp\/v2\/users\/7"}],"replies":[{"embeddable":true,"href":"http:\/\/staging.ibermusicas.org\/index.php\/wp-json\/wp\/v2\/comments?post=21678"}],"version-history":[{"count":1,"href":"http:\/\/staging.ibermusicas.org\/index.php\/wp-json\/wp\/v2\/posts\/21678\/revisions"}],"predecessor-version":[{"id":21680,"href":"http:\/\/staging.ibermusicas.org\/index.php\/wp-json\/wp\/v2\/posts\/21678\/revisions\/21680"}],"wp:featuredmedia":[{"embeddable":true,"href":"http:\/\/staging.ibermusicas.org\/index.php\/wp-json\/wp\/v2\/media\/21679"}],"wp:attachment":[{"href":"http:\/\/staging.ibermusicas.org\/index.php\/wp-json\/wp\/v2\/media?parent=21678"}],"wp:term":[{"taxonomy":"category","embeddable":true,"href":"http:\/\/staging.ibermusicas.org\/index.php\/wp-json\/wp\/v2\/categories?post=21678"},{"taxonomy":"post_tag","embeddable":true,"href":"http:\/\/staging.ibermusicas.org\/index.php\/wp-json\/wp\/v2\/tags?post=21678"}],"curies":[{"name":"wp","href":"https:\/\/api.w.org\/{rel}","templated":true}]}}