{"id":21681,"date":"2025-02-27T22:26:54","date_gmt":"2025-02-27T22:26:54","guid":{"rendered":"http:\/\/staging.ibermusicas.org\/?p=21681"},"modified":"2025-03-27T17:55:34","modified_gmt":"2025-03-27T17:55:34","slug":"a-renomada-cantora-paraguaia-lizza-bogado-leva-seu-show-laboratorio-del-alma-para-a-costa-rica","status":"publish","type":"post","link":"http:\/\/staging.ibermusicas.org\/index.php\/a-renomada-cantora-paraguaia-lizza-bogado-leva-seu-show-laboratorio-del-alma-para-a-costa-rica\/","title":{"rendered":"A renomada cantora paraguaia Lizza Bogado leva seu show \u201cLaboratorio del Alma\u201d para a Costa Rica"},"content":{"rendered":"<p>Lizza Bogado est\u00e1 se preparando para cativar o p\u00fablico costarriquenho com sua voz \u00fanica e seu novo \u00e1lbum, \u201cLaboratorio del Alma\u201d. A artista, que j\u00e1 percorreu o mundo com sua m\u00fasica, levar\u00e1 \u00e0 Costa Rica um show cheio de emo\u00e7\u00f5es e surpresas.<\/p>\n<p>&nbsp;<\/p>\n<p>Nessa turn\u00ea, Lizza Bogado apresentar\u00e1 can\u00e7\u00f5es de seu \u00faltimo \u00e1lbum, um trabalho introspectivo que explora as profundezas da alma humana. Com letras comoventes e melodias envolventes, \u201cLaboratorio del Alma\u201d promete ser uma experi\u00eancia musical \u00fanica para todos os participantes.<\/p>\n<p>&nbsp;<\/p>\n<p>O novo \u00e1lbum conta com Esteban Godoy no piano, Dahia Valenzuela nas guitarras ac\u00fastica e el\u00e9trica, Nicolas Mendoza \u201cKiko\u201d na guitarra crioula, Paula Rodr\u00edguez no baixo, Sixto Corbar\u00e1n na harpa e Gonzalo Resqu\u00edn na bateria e percuss\u00e3o e com a participa\u00e7\u00e3o especial no coro infantil de Olivia Villalba Galindo e Mauricio Aquino Galindo.<\/p>\n<p>&nbsp;<\/p>\n<p>Lizza Bogado iniciou sua carreira art\u00edstica em 1981, ganhando o pr\u00eamio de melhor solista no Festival de Ypacara\u00ed, o principal festival folcl\u00f3rico do Paraguai. Posteriormente, foram feitas v\u00e1rias grava\u00e7\u00f5es de m\u00fasica paraguaia e internacional, que foram amplamente distribu\u00eddas e hoje pertencem ao patrim\u00f4nio cultural paraguaio. Ela tamb\u00e9m se apresentou no teatro, mostrando versatilidade ao combinar as facetas de atriz, cantora, dan\u00e7arina e core\u00f3grafa.<\/p>\n<p>&nbsp;<\/p>\n<p>Em 1985, representou o Paraguai no Festival Ibero-Americano da Can\u00e7\u00e3o (OTI), em Sevilha, Espanha, e na Exposi\u00e7\u00e3o Universal de 1992, na mesma cidade. Em 1985, recebeu o pr\u00eamio \u201cRecuerdos de Ypacara\u00ed\u201d por decis\u00e3o un\u00e2nime do j\u00fari e, em 1993, o pr\u00eamio de melhor solista no Festival Internacional da Can\u00e7\u00e3o realizado em Quito, Equador.<\/p>\n<p>&nbsp;<\/p>\n<p>Lizza Bogado tem uma discografia variada e mais de quatro d\u00e9cadas de apresenta\u00e7\u00f5es em palcos da Am\u00e9rica, Europa, \u00c1sia e \u00c1frica, sendo a primeira compositora paraguaia a cantar nas \u00d3peras de Alexandria e do Cairo.<\/p>\n<p>&nbsp;<\/p>\n<p>Tamb\u00e9m comp\u00f4s a m\u00fasica para uma radionovela transmitida pela Radio Nederland na Holanda e \u00e9 autora da m\u00fasica \u201cUn S\u00f3lo Canto\u201d, o hino do bicenten\u00e1rio de seu pa\u00eds, que foi tocada mais de meio milh\u00e3o de vezes em plataformas digitais e m\u00eddia tradicional.<\/p>\n<p>&nbsp;<\/p>\n<p>Em junho de 2020, foi distinguida com o pr\u00eamio \u201cMaestra del Arte\u201d, o mais alto reconhecimento que o Centro Cultural da Rep\u00fablica El Cabildo, uma extens\u00e3o do Congresso Nacional, concede anualmente aos artistas mais destacados do Paraguai, sendo a primeira compositora paraguaia a receb\u00ea-lo. Em dezembro de 2023, Lizza Bogado foi distinguida com o \u201cPr\u00eamio Nacional de M\u00fasica\u201d na categoria popular ou vern\u00e1cula por sua obra \u201cUn solo canto\u201d, a can\u00e7\u00e3o oficial do Bicenten\u00e1rio do Paraguai.<\/p>\n<p>&nbsp;<\/p>\n<p>Este projeto de Lizza Bogado ganhou a convocat\u00f3ria 2024 do Programa Iberm\u00fasicas em sua linha de \u201cApoio \u00e0 circula\u00e7\u00e3o de profissionais da m\u00fasica\u201d.<\/p>\n<p>&nbsp;<\/p>\n<ul>\n<li>9 de mar\u00e7o, 20h: Igreja Colonial de Nicoya, Guanacaste, Costa Rica<\/li>\n<li>11 de mar\u00e7o, 20h: Centro Cultural de Espa\u00f1a, San Jos\u00e9, Costa Rica<\/li>\n<li>12 de mar\u00e7o, 20h: Tecnol\u00f3gico de Costa Rica, Auditorio del Centro de las Artes, Cartago, Costa Rica<\/li>\n<\/ul>\n","protected":false},"excerpt":{"rendered":"<p>Lizza Bogado est\u00e1 se preparando para cativar o p\u00fablico costarriquenho com sua voz \u00fanica e seu novo \u00e1lbum, \u201cLaboratorio del Alma\u201d. A artista, que j\u00e1 percorreu o mundo com sua m\u00fasica, levar\u00e1 \u00e0 Costa Rica um show cheio de emo\u00e7\u00f5es e surpresas. &nbsp; Nessa turn\u00ea, Lizza Bogado apresentar\u00e1 can\u00e7\u00f5es de seu \u00faltimo \u00e1lbum, um trabalho [&hellip;]<\/p>\n","protected":false},"author":7,"featured_media":21679,"comment_status":"closed","ping_status":"closed","sticky":false,"template":"","format":"standard","meta":{"footnotes":""},"categories":[218],"tags":[],"class_list":["post-21681","post","type-post","status-publish","format-standard","has-post-thumbnail","hentry","category-noticias-generales-pt"],"lang":"pt","translations":{"pt":21681},"pll_sync_post":[],"post_mailing_queue_ids":[],"_links":{"self":[{"href":"http:\/\/staging.ibermusicas.org\/index.php\/wp-json\/wp\/v2\/posts\/21681","targetHints":{"allow":["GET"]}}],"collection":[{"href":"http:\/\/staging.ibermusicas.org\/index.php\/wp-json\/wp\/v2\/posts"}],"about":[{"href":"http:\/\/staging.ibermusicas.org\/index.php\/wp-json\/wp\/v2\/types\/post"}],"author":[{"embeddable":true,"href":"http:\/\/staging.ibermusicas.org\/index.php\/wp-json\/wp\/v2\/users\/7"}],"replies":[{"embeddable":true,"href":"http:\/\/staging.ibermusicas.org\/index.php\/wp-json\/wp\/v2\/comments?post=21681"}],"version-history":[{"count":1,"href":"http:\/\/staging.ibermusicas.org\/index.php\/wp-json\/wp\/v2\/posts\/21681\/revisions"}],"predecessor-version":[{"id":21682,"href":"http:\/\/staging.ibermusicas.org\/index.php\/wp-json\/wp\/v2\/posts\/21681\/revisions\/21682"}],"wp:featuredmedia":[{"embeddable":true,"href":"http:\/\/staging.ibermusicas.org\/index.php\/wp-json\/wp\/v2\/media\/21679"}],"wp:attachment":[{"href":"http:\/\/staging.ibermusicas.org\/index.php\/wp-json\/wp\/v2\/media?parent=21681"}],"wp:term":[{"taxonomy":"category","embeddable":true,"href":"http:\/\/staging.ibermusicas.org\/index.php\/wp-json\/wp\/v2\/categories?post=21681"},{"taxonomy":"post_tag","embeddable":true,"href":"http:\/\/staging.ibermusicas.org\/index.php\/wp-json\/wp\/v2\/tags?post=21681"}],"curies":[{"name":"wp","href":"https:\/\/api.w.org\/{rel}","templated":true}]}}