{"id":21683,"date":"2025-02-27T22:28:04","date_gmt":"2025-02-27T22:28:04","guid":{"rendered":"http:\/\/staging.ibermusicas.org\/?p=21683"},"modified":"2025-03-27T17:49:39","modified_gmt":"2025-03-27T17:49:39","slug":"pedro-pastor-y-los-locos-descalzos-realizan-una-gran-gira-latinoamericana","status":"publish","type":"post","link":"http:\/\/staging.ibermusicas.org\/index.php\/pedro-pastor-y-los-locos-descalzos-realizan-una-gran-gira-latinoamericana\/","title":{"rendered":"Pedro Pastor y los Locos Descalzos realizan una gran gira latinoamericana"},"content":{"rendered":"<p>Comienza la gira \u201cEscorpiano\u201d de Pedro Pastor y los Locos Descalzos quienes se embarcan en una aventura sin fronteras, llevando su m\u00fasica cargada de pasi\u00f3n, protesta y poes\u00eda a los escenarios de todo el mundo. Esta gira latinoamericana es mucho m\u00e1s que una serie de conciertos; es un viaje que celebra la diversidad cultural, inspira cambios y conecta al p\u00fablico a trav\u00e9s de las vibraciones de la m\u00fasica.<\/p>\n<p>&nbsp;<\/p>\n<p>Escorpiano es el quinto disco de Pastor y fue producido por el multipremiado Gustavo Guerrero. Las canciones fueron compuestas entre noviembre de 2022 y enero de 2023, entre Puerto Rico, Colombia, Ecuador, Chile, Argentina y sobre todo, Uruguay.<\/p>\n<p>&nbsp;<\/p>\n<p>En este \u00e1lbum termina de afianzar el eclecticismo como un estilo en s\u00ed,profundizando en las m\u00fasicas de ida y vuelta y confirmando que se puede hacer m\u00fasica sabrosa, bailable y a la vez po\u00e9tica, profunda o combativa.<\/p>\n<p>&nbsp;<\/p>\n<p>Lejos de multinacionales y grandes sellos, Pedro desarrolla y dirige su proyecto, consolid\u00e1ndose como una de las voces m\u00e1s j\u00f3venes representativas de la canci\u00f3n de autor hispanoparlante a ambos lados del oc\u00e9ano.<\/p>\n<p>&nbsp;<\/p>\n<p>Con apenas 30 a\u00f1os, y con cuatro discos a sus espaldas, Pedro Pastor representa y lidera una nueva generaci\u00f3n de cantautores en Espa\u00f1a. Hijo del tambi\u00e9n cantautor Luis Pastor y sobrino de Pedro Guerra, ya suma m\u00e1s de doce a\u00f1os sobre las tablas, con m\u00e1s de 600 conciertos en m\u00e1s de diecisiete pa\u00edses. Su m\u00fasica cabalga as\u00ed entre ambos continentes con letras que suponen un canto al cambio y a la rebeld\u00eda, al amor y al aprendizaje, a la mezcla y a la fusi\u00f3n, como principal fuente de desarrollo musical y humano. En su estilo conviven la cumbia, el funk, la m\u00fasica africana o el folklore latinoamericano, sin perder la fuerza y la esencia de la canci\u00f3n de autor y su mensaje.<\/p>\n<p>&nbsp;<\/p>\n<p>&nbsp;<\/p>\n<ul>\n<li>12 de marzo, Trovajazz, Guatemala<\/li>\n<li>15 de marzo, La Ataraxia, El Salvador<\/li>\n<li>21 de marzo, Foro Paruno, Le\u00f3n, M\u00e9xico<\/li>\n<li>22 de marzo, Foro La Paz, Ciudad de M\u00e9xico<\/li>\n<li>25 de marzo, Casa Rojas, San Jos\u00e9, Costa Rica<\/li>\n<li>27 de marzo, Teatro Juan de Dios, La Ceja, Antioquia, Colombia<\/li>\n<li>28 de marzo, Teatro Pablo Tob\u00f3n, Medell\u00edn, Colombia<\/li>\n<li>29 de marzo, Teatro Colsubsidio, Bogot\u00e1, Colombia<\/li>\n<li>3 de abril, Teatro Comfamiliar, Pereira, Colombia<\/li>\n<li>5 de abril, Buenaventura, Quito, Ecuador<\/li>\n<li>7 de abril, La Noche de Barranco, Lima, Per\u00fa<\/li>\n<li>9 de abril, La Bodeguita de Nicanor, Concepci\u00f3n, Chile<\/li>\n<li>11 de abril, Trotamundos, Quilpu\u00e9, Valpara\u00edso, Chile<\/li>\n<li>13 de abril, Teatro Independencia, Mendoza, Argentina<\/li>\n<li>16 de abril, Sala Formosa, C\u00f3rdoba, Argentina<\/li>\n<li>18 de abril, Festival Rock en Baradero, Buenos Aires, Argentina<\/li>\n<li>19 de abril, Teatro Vorterix, Ciudad de Buenos Aires, Argentina<\/li>\n<\/ul>\n<p>23 de abril, Sala del Museo, Montevideo, Uruguay<\/p>\n","protected":false},"excerpt":{"rendered":"<p>Comienza la gira \u201cEscorpiano\u201d de Pedro Pastor y los Locos Descalzos quienes se embarcan en una aventura sin fronteras, llevando su m\u00fasica cargada de pasi\u00f3n, protesta y poes\u00eda a los escenarios de todo el mundo. Esta gira latinoamericana es mucho m\u00e1s que una serie de conciertos; es un viaje que celebra la diversidad cultural, inspira [&hellip;]<\/p>\n","protected":false},"author":7,"featured_media":21684,"comment_status":"closed","ping_status":"closed","sticky":false,"template":"","format":"standard","meta":{"footnotes":""},"categories":[53],"tags":[],"class_list":["post-21683","post","type-post","status-publish","format-standard","has-post-thumbnail","hentry","category-noticias-generales"],"lang":"es","translations":{"es":21683},"pll_sync_post":[],"post_mailing_queue_ids":[],"_links":{"self":[{"href":"http:\/\/staging.ibermusicas.org\/index.php\/wp-json\/wp\/v2\/posts\/21683","targetHints":{"allow":["GET"]}}],"collection":[{"href":"http:\/\/staging.ibermusicas.org\/index.php\/wp-json\/wp\/v2\/posts"}],"about":[{"href":"http:\/\/staging.ibermusicas.org\/index.php\/wp-json\/wp\/v2\/types\/post"}],"author":[{"embeddable":true,"href":"http:\/\/staging.ibermusicas.org\/index.php\/wp-json\/wp\/v2\/users\/7"}],"replies":[{"embeddable":true,"href":"http:\/\/staging.ibermusicas.org\/index.php\/wp-json\/wp\/v2\/comments?post=21683"}],"version-history":[{"count":1,"href":"http:\/\/staging.ibermusicas.org\/index.php\/wp-json\/wp\/v2\/posts\/21683\/revisions"}],"predecessor-version":[{"id":21685,"href":"http:\/\/staging.ibermusicas.org\/index.php\/wp-json\/wp\/v2\/posts\/21683\/revisions\/21685"}],"wp:featuredmedia":[{"embeddable":true,"href":"http:\/\/staging.ibermusicas.org\/index.php\/wp-json\/wp\/v2\/media\/21684"}],"wp:attachment":[{"href":"http:\/\/staging.ibermusicas.org\/index.php\/wp-json\/wp\/v2\/media?parent=21683"}],"wp:term":[{"taxonomy":"category","embeddable":true,"href":"http:\/\/staging.ibermusicas.org\/index.php\/wp-json\/wp\/v2\/categories?post=21683"},{"taxonomy":"post_tag","embeddable":true,"href":"http:\/\/staging.ibermusicas.org\/index.php\/wp-json\/wp\/v2\/tags?post=21683"}],"curies":[{"name":"wp","href":"https:\/\/api.w.org\/{rel}","templated":true}]}}