{"id":21686,"date":"2025-02-27T22:29:01","date_gmt":"2025-02-27T22:29:01","guid":{"rendered":"http:\/\/staging.ibermusicas.org\/?p=21686"},"modified":"2025-03-27T17:55:26","modified_gmt":"2025-03-27T17:55:26","slug":"pedro-pastor-e-os-locos-descalzos-fazem-uma-grande-turne-latino-americana","status":"publish","type":"post","link":"http:\/\/staging.ibermusicas.org\/index.php\/pedro-pastor-e-os-locos-descalzos-fazem-uma-grande-turne-latino-americana\/","title":{"rendered":"Pedro Pastor e os Locos Descalzos fazem uma grande turn\u00ea latino-americana"},"content":{"rendered":"<p>A turn\u00ea \u201cEscorpiano\u201d come\u00e7a quando Pedro Pastor y los Locos Descalzos embarcam numa aventura sem fronteiras, levando sua m\u00fasica cheia de paix\u00e3o, protesto e poesia aos palcos de todo o mundo. Essa turn\u00ea latino-americana \u00e9 muito mais do que uma s\u00e9rie de shows; \u00e9 uma jornada que celebra a diversidade cultural, inspira mudan\u00e7as e conecta o p\u00fablico por meio das vibra\u00e7\u00f5es da m\u00fasica.<\/p>\n<p>&nbsp;<\/p>\n<p>\u00abEscorpiano\u201d \u00e9 o quinto \u00e1lbum de Pastor e foi produzido pelo multipremiado Gustavo Guerrero. As can\u00e7\u00f5es foram compostas entre novembro de 2022 e janeiro de 2023, entre Porto Rico, Col\u00f4mbia, Equador, Chile, Argentina e, sobretudo, Uruguai.<\/p>\n<p>&nbsp;<\/p>\n<p>Nesse \u00e1lbum, ele termina de consolidar o ecletismo como um estilo pr\u00f3prio, mergulhando na m\u00fasica do vai e vem e confirmando que \u00e9 poss\u00edvel fazer m\u00fasica saborosa, dan\u00e7ante e ao mesmo tempo po\u00e9tica, profunda ou combativa.<\/p>\n<p>&nbsp;<\/p>\n<p>Longe das multinacionais e das grandes gravadoras, Pedro desenvolve e dirige seu projeto, consolidando-se como uma das mais jovens vozes representativas dos cantores e compositores de l\u00edngua espanhola dos dois lados do oceano.<\/p>\n<p>&nbsp;<\/p>\n<p>Com apenas 30 anos de idade e quatro \u00e1lbuns gravados, Pedro Pastor representa e lidera uma nova gera\u00e7\u00e3o de cantores e compositores na Espanha. Filho do cantor e compositor Luis Pastor e sobrinho de Pedro Guerra, ele est\u00e1 no palco h\u00e1 mais de doze anos, com mais de 600 shows em mais de dezessete pa\u00edses. Sua m\u00fasica passeia entre os dois continentes com letras que s\u00e3o um hino \u00e0 mudan\u00e7a e \u00e0 rebeldia, ao amor e ao aprendizado, \u00e0 mistura e \u00e0 fus\u00e3o, como a principal fonte de desenvolvimento musical e humano. Seu estilo combina cumbia, funk, m\u00fasica africana e folclore latino-americano, sem perder a for\u00e7a e a ess\u00eancia da can\u00e7\u00e3o do cantor e compositor e sua mensagem.<\/p>\n<p>&nbsp;<\/p>\n<p>&nbsp;<\/p>\n<ul>\n<li>12 de mar\u00e7o, Trovajazz, Guatemala<\/li>\n<li>15 de mar\u00e7o, La Ataraxia, El Salvador<\/li>\n<li>21 de mar\u00e7o, Foro Paruno, Le\u00f3n, M\u00e9xico<\/li>\n<li>22 de mar\u00e7o, Foro La Paz, Cidade do M\u00e9xico, M\u00e9xico<\/li>\n<li>25 de mar\u00e7o, Casa Rojas, San Jos\u00e9, Costa Rica<\/li>\n<li>27 de mar\u00e7o, Teatro Juan de Dios, La Ceja, Antioquia, Col\u00f4mbia<\/li>\n<li>28 de mar\u00e7o, Teatro Pablo Tob\u00f3n, Medell\u00edn, Col\u00f4mbia<\/li>\n<li>29 de mar\u00e7o, Teatro Colsubsidio, Bogot\u00e1, Col\u00f4mbia<\/li>\n<li>3 de abril, Teatro Comfamiliar, Pereira, Col\u00f4mbia<\/li>\n<li>5 de abril, Buenaventura, Quito, Equador<\/li>\n<li>7 de abril, La Noche de Barranco, Lima, Peru<\/li>\n<li>9 de abril, La Bodeguita de Nicanor, Concepci\u00f3n, Chile<\/li>\n<li>11 de abril, Trotamundos, Quilpu\u00e9, Valpara\u00edso, Chile<\/li>\n<li>13 de abril, Teatro Independencia, Mendoza, Argentina<\/li>\n<li>16 de abril, Sala Formosa, C\u00f3rdoba, Argentina<\/li>\n<li>18 de abril, Festival Rock en Baradero, Buenos Aires, Argentina<\/li>\n<li>19 de abril, Teatro Vorterix, Cidade de Buenos Aires, Argentina<\/li>\n<li>23 de abril, Sala del Museo, Montevid\u00e9u, Uruguai<\/li>\n<\/ul>\n","protected":false},"excerpt":{"rendered":"<p>A turn\u00ea \u201cEscorpiano\u201d come\u00e7a quando Pedro Pastor y los Locos Descalzos embarcam numa aventura sem fronteiras, levando sua m\u00fasica cheia de paix\u00e3o, protesto e poesia aos palcos de todo o mundo. Essa turn\u00ea latino-americana \u00e9 muito mais do que uma s\u00e9rie de shows; \u00e9 uma jornada que celebra a diversidade cultural, inspira mudan\u00e7as e conecta [&hellip;]<\/p>\n","protected":false},"author":7,"featured_media":21684,"comment_status":"closed","ping_status":"closed","sticky":false,"template":"","format":"standard","meta":{"footnotes":""},"categories":[218],"tags":[],"class_list":["post-21686","post","type-post","status-publish","format-standard","has-post-thumbnail","hentry","category-noticias-generales-pt"],"lang":"pt","translations":{"pt":21686},"pll_sync_post":[],"post_mailing_queue_ids":[],"_links":{"self":[{"href":"http:\/\/staging.ibermusicas.org\/index.php\/wp-json\/wp\/v2\/posts\/21686","targetHints":{"allow":["GET"]}}],"collection":[{"href":"http:\/\/staging.ibermusicas.org\/index.php\/wp-json\/wp\/v2\/posts"}],"about":[{"href":"http:\/\/staging.ibermusicas.org\/index.php\/wp-json\/wp\/v2\/types\/post"}],"author":[{"embeddable":true,"href":"http:\/\/staging.ibermusicas.org\/index.php\/wp-json\/wp\/v2\/users\/7"}],"replies":[{"embeddable":true,"href":"http:\/\/staging.ibermusicas.org\/index.php\/wp-json\/wp\/v2\/comments?post=21686"}],"version-history":[{"count":1,"href":"http:\/\/staging.ibermusicas.org\/index.php\/wp-json\/wp\/v2\/posts\/21686\/revisions"}],"predecessor-version":[{"id":21687,"href":"http:\/\/staging.ibermusicas.org\/index.php\/wp-json\/wp\/v2\/posts\/21686\/revisions\/21687"}],"wp:featuredmedia":[{"embeddable":true,"href":"http:\/\/staging.ibermusicas.org\/index.php\/wp-json\/wp\/v2\/media\/21684"}],"wp:attachment":[{"href":"http:\/\/staging.ibermusicas.org\/index.php\/wp-json\/wp\/v2\/media?parent=21686"}],"wp:term":[{"taxonomy":"category","embeddable":true,"href":"http:\/\/staging.ibermusicas.org\/index.php\/wp-json\/wp\/v2\/categories?post=21686"},{"taxonomy":"post_tag","embeddable":true,"href":"http:\/\/staging.ibermusicas.org\/index.php\/wp-json\/wp\/v2\/tags?post=21686"}],"curies":[{"name":"wp","href":"https:\/\/api.w.org\/{rel}","templated":true}]}}