{"id":21688,"date":"2025-02-27T22:30:02","date_gmt":"2025-02-27T22:30:02","guid":{"rendered":"http:\/\/staging.ibermusicas.org\/?p=21688"},"modified":"2025-03-27T17:49:30","modified_gmt":"2025-03-27T17:49:30","slug":"llega-una-nueva-edicion-de-ura-el-mercado-cultural-de-la-musica-en-san-jose-de-costa-rica","status":"publish","type":"post","link":"http:\/\/staging.ibermusicas.org\/index.php\/llega-una-nueva-edicion-de-ura-el-mercado-cultural-de-la-musica-en-san-jose-de-costa-rica\/","title":{"rendered":"Llega una nueva edici\u00f5n de UR\u00c0, el Mercado Cultural de la M\u00fasica en San Jos\u00e9 de Costa Rica"},"content":{"rendered":"<p>UR\u00c0 es el mercado cultural de m\u00fasica en Centroam\u00e9rica y el Caribe que conecta artistas con la industria musical internacional, promoviendo el desarrollo sostenible y econ\u00f3mico en la regi\u00f3n. A lo largo de sus ediciones, UR\u00c0 ha integrado comunidades ind\u00edgenas, fortalecido la profesionalizaci\u00f3n musical y apoyado el turismo cultural, creando un impacto positivo en las econom\u00edas creativas locales.<\/p>\n<p><strong><br \/>\n<\/strong>El Mercado incluye una diversidad de actividades dise\u00f1adas para fortalecer el ecosistema musical y cultural:<\/p>\n<p>&nbsp;<\/p>\n<ul>\n<li><strong>Showcases<\/strong>: Presentaciones en vivo de artistas emergentes ante agentes de la industria musical.<\/li>\n<li><strong>Conferencias<\/strong>: Espacios educativos que conectan a profesionales y expertos del sector para compartir experiencias y conocimientos.<\/li>\n<li><strong>Conversatorios<\/strong>: Di\u00e1logos interactivos que fomentan la reflexi\u00f3n colectiva sobre temas relevantes.<\/li>\n<li><strong>Clases Maestras<\/strong>: Talleres especializados liderados por referentes de la m\u00fasica, ideales para perfeccionar habilidades avanzadas.<\/li>\n<li><strong>Ruedas de Negocios<\/strong>: Encuentros dise\u00f1ados para facilitar conexiones y negociaciones entre artistas y profesionales.<\/li>\n<\/ul>\n<p>&nbsp;<\/p>\n<p>Cada actividad est\u00e1 orientada a promover el desarrollo art\u00edstico y profesional de sus participantes, destacando el talento, diversidad y riqueza cultural de Centroam\u00e9rica y el Caribe.<\/p>\n<p>&nbsp;<\/p>\n<p>Ser\u00e1n parte de la edici\u00f3n 2025 de UR\u00c0: Marcelo Alejandro Godoy Gallardo (Chile), Lina Mar\u00eda Gaviria (Colombia), Giorgio Varas (Chile), Edgar Castellanos (Ecuador) y Hern\u00e1n Halak (Brasil).<\/p>\n<p>&nbsp;<\/p>\n<p>La propuesta de UR\u00c0, Mercado Cultural de la M\u00fasica ha sido ganadora de la convocatoria 2024 del Programa Iberm\u00fasicas en la l\u00ednea de \u201cAyuda a la programaci\u00f3n musical\u201d.<\/p>\n<p>&nbsp;<\/p>\n<ul>\n<li>14, 15 y 16 de marzo 2025, San Jos\u00e9, Costa Rica<\/li>\n<\/ul>\n","protected":false},"excerpt":{"rendered":"<p>UR\u00c0 es el mercado cultural de m\u00fasica en Centroam\u00e9rica y el Caribe que conecta artistas con la industria musical internacional, promoviendo el desarrollo sostenible y econ\u00f3mico en la regi\u00f3n. A lo largo de sus ediciones, UR\u00c0 ha integrado comunidades ind\u00edgenas, fortalecido la profesionalizaci\u00f3n musical y apoyado el turismo cultural, creando un impacto positivo en las [&hellip;]<\/p>\n","protected":false},"author":7,"featured_media":21689,"comment_status":"closed","ping_status":"closed","sticky":false,"template":"","format":"standard","meta":{"footnotes":""},"categories":[53],"tags":[],"class_list":["post-21688","post","type-post","status-publish","format-standard","has-post-thumbnail","hentry","category-noticias-generales"],"lang":"es","translations":{"es":21688},"pll_sync_post":[],"post_mailing_queue_ids":[],"_links":{"self":[{"href":"http:\/\/staging.ibermusicas.org\/index.php\/wp-json\/wp\/v2\/posts\/21688","targetHints":{"allow":["GET"]}}],"collection":[{"href":"http:\/\/staging.ibermusicas.org\/index.php\/wp-json\/wp\/v2\/posts"}],"about":[{"href":"http:\/\/staging.ibermusicas.org\/index.php\/wp-json\/wp\/v2\/types\/post"}],"author":[{"embeddable":true,"href":"http:\/\/staging.ibermusicas.org\/index.php\/wp-json\/wp\/v2\/users\/7"}],"replies":[{"embeddable":true,"href":"http:\/\/staging.ibermusicas.org\/index.php\/wp-json\/wp\/v2\/comments?post=21688"}],"version-history":[{"count":1,"href":"http:\/\/staging.ibermusicas.org\/index.php\/wp-json\/wp\/v2\/posts\/21688\/revisions"}],"predecessor-version":[{"id":21690,"href":"http:\/\/staging.ibermusicas.org\/index.php\/wp-json\/wp\/v2\/posts\/21688\/revisions\/21690"}],"wp:featuredmedia":[{"embeddable":true,"href":"http:\/\/staging.ibermusicas.org\/index.php\/wp-json\/wp\/v2\/media\/21689"}],"wp:attachment":[{"href":"http:\/\/staging.ibermusicas.org\/index.php\/wp-json\/wp\/v2\/media?parent=21688"}],"wp:term":[{"taxonomy":"category","embeddable":true,"href":"http:\/\/staging.ibermusicas.org\/index.php\/wp-json\/wp\/v2\/categories?post=21688"},{"taxonomy":"post_tag","embeddable":true,"href":"http:\/\/staging.ibermusicas.org\/index.php\/wp-json\/wp\/v2\/tags?post=21688"}],"curies":[{"name":"wp","href":"https:\/\/api.w.org\/{rel}","templated":true}]}}