{"id":21691,"date":"2025-02-27T22:31:05","date_gmt":"2025-02-27T22:31:05","guid":{"rendered":"http:\/\/staging.ibermusicas.org\/?p=21691"},"modified":"2025-03-27T17:55:19","modified_gmt":"2025-03-27T17:55:19","slug":"uma-nova-edicao-do-ura-o-mercado-cultural-da-musica-em-san-jose-costa-rica-esta-chegando","status":"publish","type":"post","link":"http:\/\/staging.ibermusicas.org\/index.php\/uma-nova-edicao-do-ura-o-mercado-cultural-da-musica-em-san-jose-costa-rica-esta-chegando\/","title":{"rendered":"Uma nova edi\u00e7\u00e3o do UR\u00c0, o Mercado Cultural da M\u00fasica em San Jos\u00e9, Costa Rica, est\u00e1 chegando"},"content":{"rendered":"<p>A UR\u00c0 \u00e9 o mercado cultural da m\u00fasica na Am\u00e9rica Central e no Caribe que conecta artistas com o setor musical internacional, promovendo o desenvolvimento sustent\u00e1vel e econ\u00f4mico na regi\u00e3o. Ao longo de suas edi\u00e7\u00f5es, a UR\u00c0 integrou comunidades ind\u00edgenas, fortaleceu o profissionalismo musical e apoiou o turismo cultural, criando um impacto positivo nas economias criativas locais.<\/p>\n<p>&nbsp;<\/p>\n<p>O Mercado inclui uma diversidade de atividades destinadas a fortalecer o ecossistema musical e cultural:<\/p>\n<p>&nbsp;<\/p>\n<ul>\n<li><strong>Showcases<\/strong>: Apresenta\u00e7\u00f5es ao vivo de artistas emergentes diante de atores do setor musical.<\/li>\n<li><strong>Confer\u00eancias<\/strong>: Espa\u00e7os educacionais que conectam profissionais e especialistas do setor para compartilhar experi\u00eancias e conhecimentos.<\/li>\n<li><strong>Conversat\u00f3rios<\/strong>: di\u00e1logos interativos que incentivam a reflex\u00e3o coletiva sobre t\u00f3picos relevantes.<\/li>\n<li><strong>Master Classes<\/strong>: workshops especializados conduzidos por figuras importantes do setor musical, ideais para aperfei\u00e7oar habilidades avan\u00e7adas.<\/li>\n<li><strong>Rodadas de neg\u00f3cios<\/strong>: Reuni\u00f5es criadas para facilitar conex\u00f5es e negocia\u00e7\u00f5es entre artistas e profissionais.<\/li>\n<\/ul>\n<p>&nbsp;<\/p>\n<p>Cada atividade tem como objetivo promover o desenvolvimento art\u00edstico e profissional de seus participantes, destacando o talento, a diversidade e a riqueza cultural da Am\u00e9rica Central e do Caribe.<\/p>\n<p>&nbsp;<\/p>\n<p>Participar\u00e3o da edi\u00e7\u00e3o 2025 da UR\u00c0: Marcelo Alejandro Godoy Gallardo (Chile), Lina Mar\u00eda Gaviria (Col\u00f4mbia), Giorgio Varas (Chile), Edgar Castellanos (Equador) e Hern\u00e1n Halak (Brasil).<\/p>\n<p>&nbsp;<\/p>\n<p>A proposta do UR\u00c0, Mercado Cultural da M\u00fasica, venceu a chamada 2024 do Programa Iberm\u00fasicas na linha de \u201cApoio \u00e0 programa\u00e7\u00e3o musical\u201d.<\/p>\n<p>&nbsp;<\/p>\n<ul>\n<li>14, 15 e 16 de mar\u00e7o de 2025, San Jos\u00e9, Costa Rica<\/li>\n<\/ul>\n","protected":false},"excerpt":{"rendered":"<p>A UR\u00c0 \u00e9 o mercado cultural da m\u00fasica na Am\u00e9rica Central e no Caribe que conecta artistas com o setor musical internacional, promovendo o desenvolvimento sustent\u00e1vel e econ\u00f4mico na regi\u00e3o. Ao longo de suas edi\u00e7\u00f5es, a UR\u00c0 integrou comunidades ind\u00edgenas, fortaleceu o profissionalismo musical e apoiou o turismo cultural, criando um impacto positivo nas economias [&hellip;]<\/p>\n","protected":false},"author":7,"featured_media":21689,"comment_status":"closed","ping_status":"closed","sticky":false,"template":"","format":"standard","meta":{"footnotes":""},"categories":[218],"tags":[],"class_list":["post-21691","post","type-post","status-publish","format-standard","has-post-thumbnail","hentry","category-noticias-generales-pt"],"lang":"pt","translations":{"pt":21691},"pll_sync_post":[],"post_mailing_queue_ids":[],"_links":{"self":[{"href":"http:\/\/staging.ibermusicas.org\/index.php\/wp-json\/wp\/v2\/posts\/21691","targetHints":{"allow":["GET"]}}],"collection":[{"href":"http:\/\/staging.ibermusicas.org\/index.php\/wp-json\/wp\/v2\/posts"}],"about":[{"href":"http:\/\/staging.ibermusicas.org\/index.php\/wp-json\/wp\/v2\/types\/post"}],"author":[{"embeddable":true,"href":"http:\/\/staging.ibermusicas.org\/index.php\/wp-json\/wp\/v2\/users\/7"}],"replies":[{"embeddable":true,"href":"http:\/\/staging.ibermusicas.org\/index.php\/wp-json\/wp\/v2\/comments?post=21691"}],"version-history":[{"count":1,"href":"http:\/\/staging.ibermusicas.org\/index.php\/wp-json\/wp\/v2\/posts\/21691\/revisions"}],"predecessor-version":[{"id":21692,"href":"http:\/\/staging.ibermusicas.org\/index.php\/wp-json\/wp\/v2\/posts\/21691\/revisions\/21692"}],"wp:featuredmedia":[{"embeddable":true,"href":"http:\/\/staging.ibermusicas.org\/index.php\/wp-json\/wp\/v2\/media\/21689"}],"wp:attachment":[{"href":"http:\/\/staging.ibermusicas.org\/index.php\/wp-json\/wp\/v2\/media?parent=21691"}],"wp:term":[{"taxonomy":"category","embeddable":true,"href":"http:\/\/staging.ibermusicas.org\/index.php\/wp-json\/wp\/v2\/categories?post=21691"},{"taxonomy":"post_tag","embeddable":true,"href":"http:\/\/staging.ibermusicas.org\/index.php\/wp-json\/wp\/v2\/tags?post=21691"}],"curies":[{"name":"wp","href":"https:\/\/api.w.org\/{rel}","templated":true}]}}