{"id":21693,"date":"2025-02-27T22:32:16","date_gmt":"2025-02-27T22:32:16","guid":{"rendered":"http:\/\/staging.ibermusicas.org\/?p=21693"},"modified":"2025-03-27T17:48:53","modified_gmt":"2025-03-27T17:48:53","slug":"el-musico-peruano-gonzalo-figueroa-morales-invita-a-su-taller-de-introduccion-al-estudio-del-jazz-y-la-musica-popular","status":"publish","type":"post","link":"http:\/\/staging.ibermusicas.org\/index.php\/el-musico-peruano-gonzalo-figueroa-morales-invita-a-su-taller-de-introduccion-al-estudio-del-jazz-y-la-musica-popular\/","title":{"rendered":"El m\u00fasico peruano Gonzalo Figueroa Morales invita a su taller de Introducci\u00f3n al estudio del Jazz y la M\u00fasica Popular"},"content":{"rendered":"<p>Con el fin de interiorizarse en la pr\u00e1ctica y la ense\u00f1anza de las m\u00fasicas populares del Brasil en su relaci\u00f3n con el jazz, el pianista peruano Gonzalo Figueroa Morales viaj\u00f3 al Festival de M\u00fasica de Santa Catarina de Brasil siendo su objetivo principal poder volcar a su regreso los conocimientos adquiridos en la realizaci\u00f3n de un taller destinado a sus compatriotas.<\/p>\n<p>&nbsp;<\/p>\n<p>Gonzalo Figueroa Morales propone ahora la realizaci\u00f3n de un taller donde se expondr\u00e1 y se ejemplificar\u00e1 un estudio introductorio respecto al jazz y la m\u00fasica popular; en espec\u00edfico a g\u00e9neros como m\u00fasica popular brasile\u00f1a, m\u00fasica afro-cubana, m\u00fasica afro-peruana y jazz blues. En este taller se abordar\u00e1n ritmos base de diferentes tipos de m\u00fasica, investigaciones relacionadas al estudio del jazz y la m\u00fasica popular e historia en relaci\u00f3n a los g\u00e9neros musicales expuestos.<\/p>\n<p>&nbsp;<\/p>\n<p>Gonzalo Figueroa Morales ha sido ganador de la l\u00ednea de \u201cAyuda a la especializaci\u00f3n y el perfeccionamiento art\u00edstico y t\u00e9cnico\u201d, convocatoria 2024 del Programa Iberm\u00fasicas.<\/p>\n<p>&nbsp;<\/p>\n<p>&nbsp;<\/p>\n<ul>\n<li>A partir del 13 de marzo en Arequipa, Per\u00fa<\/li>\n<\/ul>\n","protected":false},"excerpt":{"rendered":"<p>Con el fin de interiorizarse en la pr\u00e1ctica y la ense\u00f1anza de las m\u00fasicas populares del Brasil en su relaci\u00f3n con el jazz, el pianista peruano Gonzalo Figueroa Morales viaj\u00f3 al Festival de M\u00fasica de Santa Catarina de Brasil siendo su objetivo principal poder volcar a su regreso los conocimientos adquiridos en la realizaci\u00f3n de [&hellip;]<\/p>\n","protected":false},"author":7,"featured_media":21694,"comment_status":"closed","ping_status":"closed","sticky":false,"template":"","format":"standard","meta":{"footnotes":""},"categories":[53],"tags":[],"class_list":["post-21693","post","type-post","status-publish","format-standard","has-post-thumbnail","hentry","category-noticias-generales"],"lang":"es","translations":{"es":21693},"pll_sync_post":[],"post_mailing_queue_ids":[],"_links":{"self":[{"href":"http:\/\/staging.ibermusicas.org\/index.php\/wp-json\/wp\/v2\/posts\/21693","targetHints":{"allow":["GET"]}}],"collection":[{"href":"http:\/\/staging.ibermusicas.org\/index.php\/wp-json\/wp\/v2\/posts"}],"about":[{"href":"http:\/\/staging.ibermusicas.org\/index.php\/wp-json\/wp\/v2\/types\/post"}],"author":[{"embeddable":true,"href":"http:\/\/staging.ibermusicas.org\/index.php\/wp-json\/wp\/v2\/users\/7"}],"replies":[{"embeddable":true,"href":"http:\/\/staging.ibermusicas.org\/index.php\/wp-json\/wp\/v2\/comments?post=21693"}],"version-history":[{"count":1,"href":"http:\/\/staging.ibermusicas.org\/index.php\/wp-json\/wp\/v2\/posts\/21693\/revisions"}],"predecessor-version":[{"id":21695,"href":"http:\/\/staging.ibermusicas.org\/index.php\/wp-json\/wp\/v2\/posts\/21693\/revisions\/21695"}],"wp:featuredmedia":[{"embeddable":true,"href":"http:\/\/staging.ibermusicas.org\/index.php\/wp-json\/wp\/v2\/media\/21694"}],"wp:attachment":[{"href":"http:\/\/staging.ibermusicas.org\/index.php\/wp-json\/wp\/v2\/media?parent=21693"}],"wp:term":[{"taxonomy":"category","embeddable":true,"href":"http:\/\/staging.ibermusicas.org\/index.php\/wp-json\/wp\/v2\/categories?post=21693"},{"taxonomy":"post_tag","embeddable":true,"href":"http:\/\/staging.ibermusicas.org\/index.php\/wp-json\/wp\/v2\/tags?post=21693"}],"curies":[{"name":"wp","href":"https:\/\/api.w.org\/{rel}","templated":true}]}}