{"id":21696,"date":"2025-02-27T22:33:17","date_gmt":"2025-02-27T22:33:17","guid":{"rendered":"http:\/\/staging.ibermusicas.org\/?p=21696"},"modified":"2025-03-27T17:55:11","modified_gmt":"2025-03-27T17:55:11","slug":"o-musico-peruano-gonzalo-figueroa-morales-convida-para-seu-workshop-sobre-introducao-ao-estudo-do-jazz-e-da-musica-popular","status":"publish","type":"post","link":"http:\/\/staging.ibermusicas.org\/index.php\/o-musico-peruano-gonzalo-figueroa-morales-convida-para-seu-workshop-sobre-introducao-ao-estudo-do-jazz-e-da-musica-popular\/","title":{"rendered":"O m\u00fasico peruano Gonzalo Figueroa Morales convida para seu workshop sobre Introdu\u00e7\u00e3o ao estudo do Jazz e da M\u00fasica Popular"},"content":{"rendered":"<p>Com o objetivo de aprender sobre a pr\u00e1tica e o ensino da m\u00fasica popular brasileira em rela\u00e7\u00e3o ao jazz, o pianista peruano Gonzalo Figueroa Morales viajou para o Festival de M\u00fasica de Santa Catarina, no Brasil, com o objetivo principal de poder usar o conhecimento adquirido em seu retorno para organizar um workshop para seus compatriotas.<\/p>\n<p>&nbsp;<\/p>\n<p>Gonzalo Figueroa Morales est\u00e1 propondo um workshop no qual apresentar\u00e1 e exemplificar\u00e1 um estudo introdut\u00f3rio de jazz e m\u00fasica popular, especificamente g\u00eaneros como a m\u00fasica popular brasileira, a m\u00fasica afro-cubana, a m\u00fasica afro-peruana e o jazz blues. Esse workshop abordar\u00e1 os ritmos b\u00e1sicos de diferentes tipos de m\u00fasica, pesquisas relacionadas ao estudo do jazz e da m\u00fasica popular e a hist\u00f3ria em rela\u00e7\u00e3o aos g\u00eaneros musicais apresentados.<\/p>\n<p>&nbsp;<\/p>\n<p>Gonzalo Figueroa Morales foi contemplado com a linha \u201cApoio \u00e0 especializa\u00e7\u00e3o e aperfei\u00e7oamento art\u00edstico e t\u00e9cnico\u201d, chamada 2024 do Programa Iberm\u00fasicas.<\/p>\n<p>&nbsp;<\/p>\n<ul>\n<li>A partir de 13 de mar\u00e7o, em Arequipa, Peru<\/li>\n<\/ul>\n","protected":false},"excerpt":{"rendered":"<p>Com o objetivo de aprender sobre a pr\u00e1tica e o ensino da m\u00fasica popular brasileira em rela\u00e7\u00e3o ao jazz, o pianista peruano Gonzalo Figueroa Morales viajou para o Festival de M\u00fasica de Santa Catarina, no Brasil, com o objetivo principal de poder usar o conhecimento adquirido em seu retorno para organizar um workshop para seus [&hellip;]<\/p>\n","protected":false},"author":7,"featured_media":21694,"comment_status":"closed","ping_status":"closed","sticky":false,"template":"","format":"standard","meta":{"footnotes":""},"categories":[218],"tags":[],"class_list":["post-21696","post","type-post","status-publish","format-standard","has-post-thumbnail","hentry","category-noticias-generales-pt"],"lang":"pt","translations":{"pt":21696},"pll_sync_post":[],"post_mailing_queue_ids":[],"_links":{"self":[{"href":"http:\/\/staging.ibermusicas.org\/index.php\/wp-json\/wp\/v2\/posts\/21696","targetHints":{"allow":["GET"]}}],"collection":[{"href":"http:\/\/staging.ibermusicas.org\/index.php\/wp-json\/wp\/v2\/posts"}],"about":[{"href":"http:\/\/staging.ibermusicas.org\/index.php\/wp-json\/wp\/v2\/types\/post"}],"author":[{"embeddable":true,"href":"http:\/\/staging.ibermusicas.org\/index.php\/wp-json\/wp\/v2\/users\/7"}],"replies":[{"embeddable":true,"href":"http:\/\/staging.ibermusicas.org\/index.php\/wp-json\/wp\/v2\/comments?post=21696"}],"version-history":[{"count":1,"href":"http:\/\/staging.ibermusicas.org\/index.php\/wp-json\/wp\/v2\/posts\/21696\/revisions"}],"predecessor-version":[{"id":21697,"href":"http:\/\/staging.ibermusicas.org\/index.php\/wp-json\/wp\/v2\/posts\/21696\/revisions\/21697"}],"wp:featuredmedia":[{"embeddable":true,"href":"http:\/\/staging.ibermusicas.org\/index.php\/wp-json\/wp\/v2\/media\/21694"}],"wp:attachment":[{"href":"http:\/\/staging.ibermusicas.org\/index.php\/wp-json\/wp\/v2\/media?parent=21696"}],"wp:term":[{"taxonomy":"category","embeddable":true,"href":"http:\/\/staging.ibermusicas.org\/index.php\/wp-json\/wp\/v2\/categories?post=21696"},{"taxonomy":"post_tag","embeddable":true,"href":"http:\/\/staging.ibermusicas.org\/index.php\/wp-json\/wp\/v2\/tags?post=21696"}],"curies":[{"name":"wp","href":"https:\/\/api.w.org\/{rel}","templated":true}]}}