{"id":21698,"date":"2025-02-27T22:35:00","date_gmt":"2025-02-27T22:35:00","guid":{"rendered":"http:\/\/staging.ibermusicas.org\/?p=21698"},"modified":"2025-03-27T17:48:39","modified_gmt":"2025-03-27T17:48:39","slug":"el-musico-ecuatoriano-andres-noboa-inicia-su-curso-de-especializacion-desarrollo-de-tecnicas-compositivas-para-el-cuarteto-de-cuerdas-en-argentina-con-diego-schissi","status":"publish","type":"post","link":"http:\/\/staging.ibermusicas.org\/index.php\/el-musico-ecuatoriano-andres-noboa-inicia-su-curso-de-especializacion-desarrollo-de-tecnicas-compositivas-para-el-cuarteto-de-cuerdas-en-argentina-con-diego-schissi\/","title":{"rendered":"El m\u00fasico ecuatoriano Andr\u00e9s Noboa inicia su curso de especializaci\u00f3n \u00abDesarrollo de t\u00e9cnicas compositivas para el cuarteto de cuerdas\u00bb en Argentina con Diego Schissi"},"content":{"rendered":"<p>Andr\u00e9s Noboa es compositor, arreglista, int\u00e9rprete y docente. Su b\u00fasqueda creativa ha transitado entre los lenguajes populares y acad\u00e9micos. Realizar\u00e1 un programa de estudios intensivo coordinado y evaluado por el reconocido compositor y educador argentino Diego Schissi en la ciudad de Buenos Aires.<\/p>\n<p>&nbsp;<\/p>\n<p>El curso abarca un componente de an\u00e1lisis t\u00e9cnico de obras fundamentales del repertorio para el formato, un componente de relevamiento y desarrollo del material folcl\u00f3rico escogido y la evaluaci\u00f3n en el proceso de composici\u00f3n de obra original para cuarteto de cuerdas como resultado del curso.<\/p>\n<p>&nbsp;<\/p>\n<p>El cuarteto de cuerdas es uno de los formatos de c\u00e1mara m\u00e1s exigentes desde el punto de vista de la composici\u00f3n musical. La exigencia contrapunt\u00edstica es propia de un ensamble donde ninguna de las cuatro voces es subordinada. Este di\u00e1logo constante entre los instrumentos de cuerda y su interdependencia para sostener el tejido musical, requiere una profunda atenci\u00f3n al detalle de lo que est\u00e1 escrito en la partitura y a la vez una escucha atenta a lo que surge a pesar de la partitura. El repertorio desarrollado para cuarteto de cuerdas ha mostrado siempre una flexibilidad notable ante la idiosincrasia de cada compositor. Esta versatilidad de recursos es la que profundiza y complejiza a la b\u00fasqueda de un lenguaje propio dentro de este formato.<\/p>\n<p>&nbsp;<\/p>\n<p>Como compositor y productor, Andr\u00e9s Noboa ha realizado a lo largo de m\u00e1s de 20 a\u00f1os de trayectoria, una multiplicidad de proyectos que, a pesar de sus distintos lenguajes y formatos, han mantenido latente la sensaci\u00f3n imperante de b\u00fasqueda. Ya sea con ensambles de gran escala como La Orquesta Interbarrial, o ensambles de c\u00e1mara como Sinfon\u00eda de los Conjuros, la m\u00fasica se ha expandido con el di\u00e1logo entre el rigor de lo escrito y la riqueza sonora y gestual de los lenguajes populares<\/p>\n<p>&nbsp;<\/p>\n<p>Diego Schissi a lo largo de su prol\u00edfica carrera como compositor, arreglista y docente ha sido interpretado y grabado por un amplio rango de formatos incluyendo orquestas sinf\u00f3nicas, cuartetos de cuerda, vocalistas y ensambles de jazz. Su carrera como solista empieza en el 2008 y es junto a su grupo Diego Schissi Quinteto, que cimenta su nombre como una de las voces compositivas m\u00e1s potentes dentro de la nueva generaci\u00f3n del Tango. Su galardonada discograf\u00eda abarca arreglos del repertorio de la historia del tango y un amplio cat\u00e1logo de composiciones originales. Su estilo habita entre la tradici\u00f3n del tango, la innovaci\u00f3n del jazz y elementos de m\u00fasica de c\u00e1mara contempor\u00e1nea. Se desempe\u00f1a como docente en reconocidas universidades e instituciones educativas argentinas.<\/p>\n<p>&nbsp;<\/p>\n<p>Esta propuesta de Andr\u00e9s Noboa ha sico premiada por Iberm\u00fasicas en su convocatoria 2023 en la l\u00ednea de Ayudas a la Especializaci\u00f3n del Sector Musical.<\/p>\n<p>&nbsp;<\/p>\n<ul>\n<li>De marzo a agosto en la Ciudad Aut\u00f3noma de Buenos Aires, Argentina<\/li>\n<\/ul>\n","protected":false},"excerpt":{"rendered":"<p>Andr\u00e9s Noboa es compositor, arreglista, int\u00e9rprete y docente. Su b\u00fasqueda creativa ha transitado entre los lenguajes populares y acad\u00e9micos. Realizar\u00e1 un programa de estudios intensivo coordinado y evaluado por el reconocido compositor y educador argentino Diego Schissi en la ciudad de Buenos Aires. &nbsp; El curso abarca un componente de an\u00e1lisis t\u00e9cnico de obras fundamentales [&hellip;]<\/p>\n","protected":false},"author":7,"featured_media":21699,"comment_status":"closed","ping_status":"closed","sticky":false,"template":"","format":"standard","meta":{"footnotes":""},"categories":[53],"tags":[],"class_list":["post-21698","post","type-post","status-publish","format-standard","has-post-thumbnail","hentry","category-noticias-generales"],"lang":"es","translations":{"es":21698},"pll_sync_post":[],"post_mailing_queue_ids":[],"_links":{"self":[{"href":"http:\/\/staging.ibermusicas.org\/index.php\/wp-json\/wp\/v2\/posts\/21698","targetHints":{"allow":["GET"]}}],"collection":[{"href":"http:\/\/staging.ibermusicas.org\/index.php\/wp-json\/wp\/v2\/posts"}],"about":[{"href":"http:\/\/staging.ibermusicas.org\/index.php\/wp-json\/wp\/v2\/types\/post"}],"author":[{"embeddable":true,"href":"http:\/\/staging.ibermusicas.org\/index.php\/wp-json\/wp\/v2\/users\/7"}],"replies":[{"embeddable":true,"href":"http:\/\/staging.ibermusicas.org\/index.php\/wp-json\/wp\/v2\/comments?post=21698"}],"version-history":[{"count":1,"href":"http:\/\/staging.ibermusicas.org\/index.php\/wp-json\/wp\/v2\/posts\/21698\/revisions"}],"predecessor-version":[{"id":21700,"href":"http:\/\/staging.ibermusicas.org\/index.php\/wp-json\/wp\/v2\/posts\/21698\/revisions\/21700"}],"wp:featuredmedia":[{"embeddable":true,"href":"http:\/\/staging.ibermusicas.org\/index.php\/wp-json\/wp\/v2\/media\/21699"}],"wp:attachment":[{"href":"http:\/\/staging.ibermusicas.org\/index.php\/wp-json\/wp\/v2\/media?parent=21698"}],"wp:term":[{"taxonomy":"category","embeddable":true,"href":"http:\/\/staging.ibermusicas.org\/index.php\/wp-json\/wp\/v2\/categories?post=21698"},{"taxonomy":"post_tag","embeddable":true,"href":"http:\/\/staging.ibermusicas.org\/index.php\/wp-json\/wp\/v2\/tags?post=21698"}],"curies":[{"name":"wp","href":"https:\/\/api.w.org\/{rel}","templated":true}]}}