{"id":21701,"date":"2025-02-27T22:36:00","date_gmt":"2025-02-27T22:36:00","guid":{"rendered":"http:\/\/staging.ibermusicas.org\/?p=21701"},"modified":"2025-03-27T17:55:02","modified_gmt":"2025-03-27T17:55:02","slug":"o-musico-equatoriano-andres-noboa-inicia-seu-curso-de-especializacao-desenvolvimento-de-tecnicas-de-composicao-para-quarteto-de-cordas-na-argentina-com-diego-schissi","status":"publish","type":"post","link":"http:\/\/staging.ibermusicas.org\/index.php\/o-musico-equatoriano-andres-noboa-inicia-seu-curso-de-especializacao-desenvolvimento-de-tecnicas-de-composicao-para-quarteto-de-cordas-na-argentina-com-diego-schissi\/","title":{"rendered":"O m\u00fasico equatoriano Andr\u00e9s Noboa inicia seu curso de especializa\u00e7\u00e3o \u201cDesenvolvimento de t\u00e9cnicas de composi\u00e7\u00e3o para quarteto de cordas\u201d na Argentina com Diego Schissi"},"content":{"rendered":"<p>Andr\u00e9s Noboa \u00e9 compositor, arranjador, int\u00e9rprete e professor. Sua busca criativa transita entre as linguagens popular e acad\u00eamica. Ele far\u00e1 um programa intensivo de estudos coordenado e avaliado pelo renomado compositor e educador argentino Diego Schissi em Buenos Aires.<\/p>\n<p>&nbsp;<\/p>\n<p>O curso inclui um componente de an\u00e1lise t\u00e9cnica de obras fundamentais do repert\u00f3rio para o formato, um componente de levantamento e desenvolvimento do material folcl\u00f3rico escolhido e a avalia\u00e7\u00e3o no processo de composi\u00e7\u00e3o de obras originais para quarteto de cordas como resultado do curso.<\/p>\n<p>&nbsp;<\/p>\n<p>O quarteto de cordas \u00e9 um dos formatos de m\u00fasica de c\u00e2mara mais exigentes do ponto de vista da composi\u00e7\u00e3o musical. As exig\u00eancias contrapont\u00edsticas s\u00e3o t\u00edpicas de um conjunto em que nenhuma das quatro vozes \u00e9 subordinada. Esse di\u00e1logo constante entre os instrumentos de corda e sua interdepend\u00eancia para sustentar o tecido musical requer uma profunda aten\u00e7\u00e3o aos detalhes do que est\u00e1 escrito na partitura e, ao mesmo tempo, uma escuta atenta ao que surge apesar da partitura. O repert\u00f3rio desenvolvido para quarteto de cordas sempre demonstrou uma flexibilidade not\u00e1vel em rela\u00e7\u00e3o \u00e0s idiossincrasias de cada compositor. Essa versatilidade de recursos \u00e9 o que aprofunda e complica a busca por uma linguagem pr\u00f3pria dentro desse formato.<\/p>\n<p>&nbsp;<\/p>\n<p>Como compositor e produtor, Andr\u00e9s Noboa realizou uma multiplicidade de projetos ao longo de uma carreira de mais de 20 anos que, apesar de suas diferentes linguagens e formatos, mantiveram a sensa\u00e7\u00e3o predominante de busca. Seja com conjuntos de grande escala, como a La Orquesta Interbarrial, ou com conjuntos de c\u00e2mara, como a Sinfon\u00eda de los Conjuros, a m\u00fasica se expandiu com o di\u00e1logo entre o rigor da palavra escrita e a riqueza sonora e gestual das linguagens populares.<\/p>\n<p>&nbsp;<\/p>\n<p>Diego Schissi, ao longo de sua prol\u00edfica carreira como compositor, arranjador e professor, foi apresentado e gravado por uma grande variedade de formatos, incluindo orquestras sinf\u00f4nicas, quartetos de cordas, vocalistas e conjuntos de jazz. Sua carreira solo come\u00e7ou em 2008 e \u00e9 com seu grupo Diego Schissi Quinteto que ele consolida seu nome como uma das vozes composicionais mais poderosas da nova gera\u00e7\u00e3o do tango. Sua premiada discografia inclui arranjos do repert\u00f3rio da hist\u00f3ria do tango e um amplo cat\u00e1logo de composi\u00e7\u00f5es originais. Seu estilo habita a tradi\u00e7\u00e3o do tango, a inova\u00e7\u00e3o do jazz e elementos da m\u00fasica de c\u00e2mara contempor\u00e2nea. Ele leciona em renomadas universidades e institui\u00e7\u00f5es educacionais argentinas.<\/p>\n<p>&nbsp;<\/p>\n<p>Esta proposta de Andr\u00e9s Noboa foi premiada pelo Programa Iberm\u00fasicas em sua convocat\u00f3ria 2023 na linha de Ajudas \u00e0 Especializa\u00e7\u00e3o do Setor Musical.<\/p>\n<p>&nbsp;<\/p>\n<ul>\n<li>De mar\u00e7o a agosto, na Cidade Aut\u00f4noma de Buenos Aires, Argentina<\/li>\n<\/ul>\n","protected":false},"excerpt":{"rendered":"<p>Andr\u00e9s Noboa \u00e9 compositor, arranjador, int\u00e9rprete e professor. Sua busca criativa transita entre as linguagens popular e acad\u00eamica. Ele far\u00e1 um programa intensivo de estudos coordenado e avaliado pelo renomado compositor e educador argentino Diego Schissi em Buenos Aires. &nbsp; O curso inclui um componente de an\u00e1lise t\u00e9cnica de obras fundamentais do repert\u00f3rio para o [&hellip;]<\/p>\n","protected":false},"author":7,"featured_media":21699,"comment_status":"closed","ping_status":"closed","sticky":false,"template":"","format":"standard","meta":{"footnotes":""},"categories":[218],"tags":[],"class_list":["post-21701","post","type-post","status-publish","format-standard","has-post-thumbnail","hentry","category-noticias-generales-pt"],"lang":"pt","translations":{"pt":21701},"pll_sync_post":[],"post_mailing_queue_ids":[],"_links":{"self":[{"href":"http:\/\/staging.ibermusicas.org\/index.php\/wp-json\/wp\/v2\/posts\/21701","targetHints":{"allow":["GET"]}}],"collection":[{"href":"http:\/\/staging.ibermusicas.org\/index.php\/wp-json\/wp\/v2\/posts"}],"about":[{"href":"http:\/\/staging.ibermusicas.org\/index.php\/wp-json\/wp\/v2\/types\/post"}],"author":[{"embeddable":true,"href":"http:\/\/staging.ibermusicas.org\/index.php\/wp-json\/wp\/v2\/users\/7"}],"replies":[{"embeddable":true,"href":"http:\/\/staging.ibermusicas.org\/index.php\/wp-json\/wp\/v2\/comments?post=21701"}],"version-history":[{"count":1,"href":"http:\/\/staging.ibermusicas.org\/index.php\/wp-json\/wp\/v2\/posts\/21701\/revisions"}],"predecessor-version":[{"id":21702,"href":"http:\/\/staging.ibermusicas.org\/index.php\/wp-json\/wp\/v2\/posts\/21701\/revisions\/21702"}],"wp:featuredmedia":[{"embeddable":true,"href":"http:\/\/staging.ibermusicas.org\/index.php\/wp-json\/wp\/v2\/media\/21699"}],"wp:attachment":[{"href":"http:\/\/staging.ibermusicas.org\/index.php\/wp-json\/wp\/v2\/media?parent=21701"}],"wp:term":[{"taxonomy":"category","embeddable":true,"href":"http:\/\/staging.ibermusicas.org\/index.php\/wp-json\/wp\/v2\/categories?post=21701"},{"taxonomy":"post_tag","embeddable":true,"href":"http:\/\/staging.ibermusicas.org\/index.php\/wp-json\/wp\/v2\/tags?post=21701"}],"curies":[{"name":"wp","href":"https:\/\/api.w.org\/{rel}","templated":true}]}}