{"id":21760,"date":"2025-03-13T14:40:24","date_gmt":"2025-03-13T14:40:24","guid":{"rendered":"http:\/\/staging.ibermusicas.org\/?p=21760"},"modified":"2025-03-27T17:48:30","modified_gmt":"2025-03-27T17:48:30","slug":"aun-estan-abiertas-las-inscripciones-con-descuento-y-las-becas-para-participar-de-tango-para-musicos-que-se-realizara-del-16-al-21-de-junio-en-bogota-colombia","status":"publish","type":"post","link":"http:\/\/staging.ibermusicas.org\/index.php\/aun-estan-abiertas-las-inscripciones-con-descuento-y-las-becas-para-participar-de-tango-para-musicos-que-se-realizara-del-16-al-21-de-junio-en-bogota-colombia\/","title":{"rendered":"A\u00fan est\u00e1n abiertas las inscripciones con descuento y las becas para participar de Tango para M\u00fasicos, que se realizar\u00e1 del 16 al 21 de junio en Bogot\u00e1, Colombia"},"content":{"rendered":"<p>Este programa de formaci\u00f3n est\u00e1 dirigido a m\u00fasicos, ensambles y arregladores de todos los niveles que deseen perfeccionar su arte y conectar con la comunidad tanguera internacional. Contar\u00e1 con una semana de clases intensivas a cargo de destacados maestros argentinos, jams de tango, milongas y conciertos.<\/p>\n<p>&nbsp;<\/p>\n<p>Entre el 16 y el 21 de junio Bogot\u00e1 vibrar\u00e1 al ritmo del tango. Tango para M\u00fasicos es un programa de formaci\u00f3n que est\u00e1 pensado para m\u00fasicos, ensambles, arregladores y compositores de todos los niveles que deseen perfeccionar su arte y conectar con la comunidad tanguera internacional.<\/p>\n<p>&nbsp;<\/p>\n<p>Contar\u00e1 con clases intensivas durante una semana en la Universidad de los Andes, en Bogot\u00e1, con los destacados maestros argentinos Paulina Fain, Exequiel Mantega, Pablo Jaurena, Ignacio Varchausky, Sebasti\u00e1n Henr\u00edquez, Guillermo Rubino, Juan Villarreal y con el bandoneonista colombiano Giovanni Parra.<\/p>\n<p>&nbsp;<\/p>\n<p>Este proyecto ha sido premiado por Iberm\u00fasicas en su l\u00ednea de \u201cAyuda a la programaci\u00f3n musical\u201d, convocatoria 2024.<\/p>\n<p>&nbsp;<\/p>\n<ul>\n<li>M\u00e1s informaci\u00f3n en <a href=\"https:\/\/musica.uniandes.edu.co\/tango\/\">https:\/\/musica.uniandes.edu.co\/tango\/<\/a> y en <a href=\"mailto:tangoparamusicos@uniandes.edu.co\">tangoparamusicos@uniandes.edu.co<\/a><\/li>\n<\/ul>\n","protected":false},"excerpt":{"rendered":"<p>Este programa de formaci\u00f3n est\u00e1 dirigido a m\u00fasicos, ensambles y arregladores de todos los niveles que deseen perfeccionar su arte y conectar con la comunidad tanguera internacional. Contar\u00e1 con una semana de clases intensivas a cargo de destacados maestros argentinos, jams de tango, milongas y conciertos. &nbsp; Entre el 16 y el 21 de junio [&hellip;]<\/p>\n","protected":false},"author":7,"featured_media":21761,"comment_status":"closed","ping_status":"closed","sticky":false,"template":"","format":"standard","meta":{"footnotes":""},"categories":[53],"tags":[],"class_list":["post-21760","post","type-post","status-publish","format-standard","has-post-thumbnail","hentry","category-noticias-generales"],"lang":"es","translations":{"es":21760},"pll_sync_post":[],"post_mailing_queue_ids":[],"_links":{"self":[{"href":"http:\/\/staging.ibermusicas.org\/index.php\/wp-json\/wp\/v2\/posts\/21760","targetHints":{"allow":["GET"]}}],"collection":[{"href":"http:\/\/staging.ibermusicas.org\/index.php\/wp-json\/wp\/v2\/posts"}],"about":[{"href":"http:\/\/staging.ibermusicas.org\/index.php\/wp-json\/wp\/v2\/types\/post"}],"author":[{"embeddable":true,"href":"http:\/\/staging.ibermusicas.org\/index.php\/wp-json\/wp\/v2\/users\/7"}],"replies":[{"embeddable":true,"href":"http:\/\/staging.ibermusicas.org\/index.php\/wp-json\/wp\/v2\/comments?post=21760"}],"version-history":[{"count":1,"href":"http:\/\/staging.ibermusicas.org\/index.php\/wp-json\/wp\/v2\/posts\/21760\/revisions"}],"predecessor-version":[{"id":21762,"href":"http:\/\/staging.ibermusicas.org\/index.php\/wp-json\/wp\/v2\/posts\/21760\/revisions\/21762"}],"wp:featuredmedia":[{"embeddable":true,"href":"http:\/\/staging.ibermusicas.org\/index.php\/wp-json\/wp\/v2\/media\/21761"}],"wp:attachment":[{"href":"http:\/\/staging.ibermusicas.org\/index.php\/wp-json\/wp\/v2\/media?parent=21760"}],"wp:term":[{"taxonomy":"category","embeddable":true,"href":"http:\/\/staging.ibermusicas.org\/index.php\/wp-json\/wp\/v2\/categories?post=21760"},{"taxonomy":"post_tag","embeddable":true,"href":"http:\/\/staging.ibermusicas.org\/index.php\/wp-json\/wp\/v2\/tags?post=21760"}],"curies":[{"name":"wp","href":"https:\/\/api.w.org\/{rel}","templated":true}]}}