{"id":21763,"date":"2025-03-13T14:42:10","date_gmt":"2025-03-13T14:42:10","guid":{"rendered":"http:\/\/staging.ibermusicas.org\/?p=21763"},"modified":"2025-03-27T17:54:53","modified_gmt":"2025-03-27T17:54:53","slug":"as-inscricoes-com-desconto-e-as-bolsas-para-participar-do-tango-para-musicos-que-acontecera-de-16-a-21-de-junho-em-bogota-colombia-ainda-estao-aberta","status":"publish","type":"post","link":"http:\/\/staging.ibermusicas.org\/index.php\/as-inscricoes-com-desconto-e-as-bolsas-para-participar-do-tango-para-musicos-que-acontecera-de-16-a-21-de-junho-em-bogota-colombia-ainda-estao-aberta\/","title":{"rendered":"As inscri\u00e7\u00f5es com desconto e as bolsas para participar do Tango para M\u00fasicos, que acontecer\u00e1 de 16 a 21 de junho em Bogot\u00e1, Col\u00f4mbia, ainda est\u00e3o aberta"},"content":{"rendered":"<p>Este programa de forma\u00e7\u00e3o \u00e9 voltado para m\u00fasicos, ensembles e arranjadores de todos os n\u00edveis que desejam aprimorar sua arte e se conectar com a comunidade tanguera internacional. O evento contar\u00e1 com uma semana de aulas intensivas ministradas por renomados mestres argentinos, jams de tango, milongas e concertos.<\/p>\n<p>&nbsp;<\/p>\n<p>&nbsp;<\/p>\n<p>Entre os dias 16 e 21 de junho, Bogot\u00e1 vibrar\u00e1 ao ritmo do tango. Tango para M\u00fasicos \u00e9 um programa de treinamento criado para m\u00fasicos, conjuntos, arranjadores e compositores de todos os n\u00edveis que desejam aperfei\u00e7oar sua arte e se conectar com a comunidade internacional do tango.<\/p>\n<p>&nbsp;<\/p>\n<p>Contar\u00e1 com aulas intensivas de uma semana na Universidad de los Andes, em Bogot\u00e1, com os principais mestres argentinos: Paulina Fain, Exequiel Mantega, Pablo Jaurena, Ignacio Varchausky, Sebasti\u00e1n Henr\u00edquez, Guillermo Rubino, Juan Villarreal e com o bandoneonista colombiano Giovanni Parra.<\/p>\n<p>&nbsp;<\/p>\n<p>Esse projeto foi premiado pelo Programa Iberm\u00fasicas em sua linha de \u201cApoio \u00e0 programa\u00e7\u00e3o musical\u201d, chamada 2024.<\/p>\n<p>&nbsp;<\/p>\n<ul>\n<li>Mais informa\u00e7\u00f5es em <a href=\"https:\/\/musica.uniandes.edu.co\/tango\/\">https:\/\/musica.uniandes.edu.co\/tango\/<\/a> e <a href=\"mailto:tangoparamusicos@uniandes.edu.co\">tangoparamusicos@uniandes.edu.co<\/a><\/li>\n<\/ul>\n","protected":false},"excerpt":{"rendered":"<p>Este programa de forma\u00e7\u00e3o \u00e9 voltado para m\u00fasicos, ensembles e arranjadores de todos os n\u00edveis que desejam aprimorar sua arte e se conectar com a comunidade tanguera internacional. O evento contar\u00e1 com uma semana de aulas intensivas ministradas por renomados mestres argentinos, jams de tango, milongas e concertos. &nbsp; &nbsp; Entre os dias 16 e [&hellip;]<\/p>\n","protected":false},"author":7,"featured_media":21761,"comment_status":"closed","ping_status":"closed","sticky":false,"template":"","format":"standard","meta":{"footnotes":""},"categories":[218],"tags":[],"class_list":["post-21763","post","type-post","status-publish","format-standard","has-post-thumbnail","hentry","category-noticias-generales-pt"],"lang":"pt","translations":{"pt":21763},"pll_sync_post":[],"post_mailing_queue_ids":[],"_links":{"self":[{"href":"http:\/\/staging.ibermusicas.org\/index.php\/wp-json\/wp\/v2\/posts\/21763","targetHints":{"allow":["GET"]}}],"collection":[{"href":"http:\/\/staging.ibermusicas.org\/index.php\/wp-json\/wp\/v2\/posts"}],"about":[{"href":"http:\/\/staging.ibermusicas.org\/index.php\/wp-json\/wp\/v2\/types\/post"}],"author":[{"embeddable":true,"href":"http:\/\/staging.ibermusicas.org\/index.php\/wp-json\/wp\/v2\/users\/7"}],"replies":[{"embeddable":true,"href":"http:\/\/staging.ibermusicas.org\/index.php\/wp-json\/wp\/v2\/comments?post=21763"}],"version-history":[{"count":1,"href":"http:\/\/staging.ibermusicas.org\/index.php\/wp-json\/wp\/v2\/posts\/21763\/revisions"}],"predecessor-version":[{"id":21764,"href":"http:\/\/staging.ibermusicas.org\/index.php\/wp-json\/wp\/v2\/posts\/21763\/revisions\/21764"}],"wp:featuredmedia":[{"embeddable":true,"href":"http:\/\/staging.ibermusicas.org\/index.php\/wp-json\/wp\/v2\/media\/21761"}],"wp:attachment":[{"href":"http:\/\/staging.ibermusicas.org\/index.php\/wp-json\/wp\/v2\/media?parent=21763"}],"wp:term":[{"taxonomy":"category","embeddable":true,"href":"http:\/\/staging.ibermusicas.org\/index.php\/wp-json\/wp\/v2\/categories?post=21763"},{"taxonomy":"post_tag","embeddable":true,"href":"http:\/\/staging.ibermusicas.org\/index.php\/wp-json\/wp\/v2\/tags?post=21763"}],"curies":[{"name":"wp","href":"https:\/\/api.w.org\/{rel}","templated":true}]}}