{"id":21765,"date":"2025-03-13T14:43:37","date_gmt":"2025-03-13T14:43:37","guid":{"rendered":"http:\/\/staging.ibermusicas.org\/?p=21765"},"modified":"2025-03-27T17:48:21","modified_gmt":"2025-03-27T17:48:21","slug":"la-artista-chilena-pascuala-ilabaca-realiza-una-nueva-gira-por-los-estados-unidos-junto-a-su-banda-fauna","status":"publish","type":"post","link":"http:\/\/staging.ibermusicas.org\/index.php\/la-artista-chilena-pascuala-ilabaca-realiza-una-nueva-gira-por-los-estados-unidos-junto-a-su-banda-fauna\/","title":{"rendered":"La artista chilena Pascuala Ilabaca realiza una nueva gira por los Estados Unidos junto a su banda Fauna"},"content":{"rendered":"<p>Pascuala Ilabaca es una de las artistas m\u00e1s destacadas en la nueva escena de cantautoras latinoamericanas. Su m\u00fasica est\u00e1 arraigada en los sonidos tradicionales, pero integra sin esfuerzo aires de jazz, pop y rock e infuencias reunidas en lugares tan distantes como India o M\u00e9xico.<\/p>\n<p>&nbsp;<\/p>\n<p>Acompa\u00f1ada por su formidable banda Fauna, su presencia esc\u00e9nica \u00fanica evoca dulzura y empoderamiento al mismo tiempo, dando vida a sus canciones con fragilidad y br\u00edo.<\/p>\n<p>&nbsp;<\/p>\n<p>Su discograf\u00eda cuenta con 6 discos y 3 EPs de los cuales 2 discos son homenaje a cantautores\/poetas de Chile como Violeta parra, Gabriela Mistral y Victor Jara. Ha hecho varias colaboraciones con artistas como Lila Downs (M\u00e9xico), Susana Vaca (Per\u00fa), Soledad Pastorutti (Argentina), La Otra (Espa\u00f1a) y con Mon Laferte<\/p>\n<p>&nbsp;<\/p>\n<p>Desde 2011 ha realizado m\u00e1s de 1.000 conciertos en Chile, Latinoam\u00e9rica, Estados Unidos, Canad\u00e1 y Europa; algunos importantes fueron: Womad (UK y CL), Etnosur (ES) , Lollapalooza (CL), San Francisco Jazz (USA), Filarm\u00f3nica de Berl\u00edn (AL), Festival de Jazz de Montreal (CAN), Selv\u00e1monos (Per\u00fa), La Mar de M\u00fasicas (ES), entre otros.<\/p>\n<p>&nbsp;<\/p>\n<p>Pascuala Ilabaca es portavoz de la tercera ola del feminismo chileno. Muchas de sus canciones captan la experiencia y la lucha femenina. Siempre celebrada en los conciertos de Pascuala es Gabriela Mistral, educadora, lesbiana y poeta. Mistral representa la brillantez de la diversidad humana. Pascuala tambi\u00e9n se ha volcado con la pluralidad de pueblos que conforman Chile. Ha luchado por los derechos de los pueblos ind\u00edgenas y por preservar sus idiomas, incluyendo quechua y mapudungun en sus canciones.<\/p>\n<p>&nbsp;<\/p>\n<p>Esta gira norteamericana de Pascual Ilabaca y Fauna, se hace posible mediante el apoyo del Programa Iberm\u00fasicas y de Mid Atlantic Arts, convocatoria 2023.<\/p>\n<p>&nbsp;<\/p>\n<ul>\n<li>Jueves 20 de marzo The Muckenthaler Cultural Center 1201 W Malvern Ave Fullerton, California<\/li>\n<li>Domingo 23 de marzo The Old Church 1422 SW 11th Ave Portland,\u00a0 Oregon<\/li>\n<li>Lunes 24 de marzo Spanish Ballroom 565 Broadway Tacoma, Washington<\/li>\n<li>Mi\u00e9rcoles 26 de marzo City of Asylum 40 W North Ave Pittsburgh,\u00a0 Pennsylvania<\/li>\n<li>Jueves 27 de marzo Center Lincoln Center Plaza New York New York<\/li>\n<li>Viernes 28 de marzo Zoellner Arts Center 420 E Packer Ave Bethlehem, Pennsylvania<\/li>\n<li>S\u00e1bado 29 de marzo Weinberg Center for the Arts 20 W Patrick St Frederick Maryland<\/li>\n<li>S\u00e1bado 5 de abril Out (Loud) In The Tropics Miami Beach, Florida<\/li>\n<\/ul>\n","protected":false},"excerpt":{"rendered":"<p>Pascuala Ilabaca es una de las artistas m\u00e1s destacadas en la nueva escena de cantautoras latinoamericanas. Su m\u00fasica est\u00e1 arraigada en los sonidos tradicionales, pero integra sin esfuerzo aires de jazz, pop y rock e infuencias reunidas en lugares tan distantes como India o M\u00e9xico. &nbsp; Acompa\u00f1ada por su formidable banda Fauna, su presencia esc\u00e9nica [&hellip;]<\/p>\n","protected":false},"author":7,"featured_media":21766,"comment_status":"closed","ping_status":"closed","sticky":false,"template":"","format":"standard","meta":{"footnotes":""},"categories":[53],"tags":[],"class_list":["post-21765","post","type-post","status-publish","format-standard","has-post-thumbnail","hentry","category-noticias-generales"],"lang":"es","translations":{"es":21765},"pll_sync_post":[],"post_mailing_queue_ids":[],"_links":{"self":[{"href":"http:\/\/staging.ibermusicas.org\/index.php\/wp-json\/wp\/v2\/posts\/21765","targetHints":{"allow":["GET"]}}],"collection":[{"href":"http:\/\/staging.ibermusicas.org\/index.php\/wp-json\/wp\/v2\/posts"}],"about":[{"href":"http:\/\/staging.ibermusicas.org\/index.php\/wp-json\/wp\/v2\/types\/post"}],"author":[{"embeddable":true,"href":"http:\/\/staging.ibermusicas.org\/index.php\/wp-json\/wp\/v2\/users\/7"}],"replies":[{"embeddable":true,"href":"http:\/\/staging.ibermusicas.org\/index.php\/wp-json\/wp\/v2\/comments?post=21765"}],"version-history":[{"count":1,"href":"http:\/\/staging.ibermusicas.org\/index.php\/wp-json\/wp\/v2\/posts\/21765\/revisions"}],"predecessor-version":[{"id":21767,"href":"http:\/\/staging.ibermusicas.org\/index.php\/wp-json\/wp\/v2\/posts\/21765\/revisions\/21767"}],"wp:featuredmedia":[{"embeddable":true,"href":"http:\/\/staging.ibermusicas.org\/index.php\/wp-json\/wp\/v2\/media\/21766"}],"wp:attachment":[{"href":"http:\/\/staging.ibermusicas.org\/index.php\/wp-json\/wp\/v2\/media?parent=21765"}],"wp:term":[{"taxonomy":"category","embeddable":true,"href":"http:\/\/staging.ibermusicas.org\/index.php\/wp-json\/wp\/v2\/categories?post=21765"},{"taxonomy":"post_tag","embeddable":true,"href":"http:\/\/staging.ibermusicas.org\/index.php\/wp-json\/wp\/v2\/tags?post=21765"}],"curies":[{"name":"wp","href":"https:\/\/api.w.org\/{rel}","templated":true}]}}