{"id":21768,"date":"2025-03-13T14:45:09","date_gmt":"2025-03-13T14:45:09","guid":{"rendered":"http:\/\/staging.ibermusicas.org\/?p=21768"},"modified":"2025-03-27T17:54:46","modified_gmt":"2025-03-27T17:54:46","slug":"a-artista-chilena-pascuala-ilabaca-esta-novamente-em-digressao-pelos-estados-unidos-com-a-sua-banda-fauna","status":"publish","type":"post","link":"http:\/\/staging.ibermusicas.org\/index.php\/a-artista-chilena-pascuala-ilabaca-esta-novamente-em-digressao-pelos-estados-unidos-com-a-sua-banda-fauna\/","title":{"rendered":"A artista chilena Pascuala Ilabaca est\u00e1 novamente em digress\u00e3o pelos Estados Unidos com a sua banda Fauna"},"content":{"rendered":"<p>Pascuala Ilabaca \u00e9 uma das artistas mais proeminentes da nova cena latino-americana de cantoras e compositoras. A sua m\u00fasica tem ra\u00edzes em sons tradicionais, mas integra sem esfor\u00e7o influ\u00eancias de jazz, pop e rock de lugares t\u00e3o distantes como a \u00cdndia e o M\u00e9xico.<\/p>\n<p>&nbsp;<\/p>\n<p>Acompanhada pela sua formid\u00e1vel banda Fauna, a sua presen\u00e7a \u00fanica em palco evoca do\u00e7ura e poder ao mesmo tempo, dando vida \u00e0s suas can\u00e7\u00f5es com fragilidade e verve.<\/p>\n<p>&nbsp;<\/p>\n<p>A sua discografia inclui 6 \u00e1lbuns e 3 EPs, 2 dos quais s\u00e3o homenagens a cantores-compositores\/poetas chilenos como Violeta Parra, Gabriela Mistral e Victor Jara. Colaborou com artistas como Lila Downs (M\u00e9xico), Susana Vaca (Peru), Soledad Pastorutti (Argentina), La Otra (Espanha) e Mon Laferte.<\/p>\n<p>&nbsp;<\/p>\n<p>Desde 2011, realizou mais de 1.000 concertos no Chile, Am\u00e9rica Latina, Estados Unidos, Canad\u00e1 e Europa; alguns importantes foram: Womad (UK e CL), Etnosur (ES) , Lollapalooza (CL), San Francisco Jazz (EUA), Berlin Philharmonic (AL), Montreal Jazz Festival (CAN), Selv\u00e1monos (Peru), La Mar de M\u00fasicas (ES), entre outros.<\/p>\n<p>&nbsp;<\/p>\n<p>Pascuala Ilabaca \u00e9 uma porta-voz da terceira vaga do feminismo chileno. Muitas das suas can\u00e7\u00f5es captam a experi\u00eancia e a luta femininas. Sempre celebrada nos concertos de Pascuala \u00e9 Gabriela Mistral, educadora, l\u00e9sbica e poeta. Mistral representa o brilho da diversidade humana. Pascuala tamb\u00e9m tem estado comprometida com a pluralidade dos povos que comp\u00f5em o Chile. Tem lutado pelos direitos dos povos ind\u00edgenas e pela preserva\u00e7\u00e3o das suas l\u00ednguas, incluindo o quechua e o mapudungun nas suas can\u00e7\u00f5es.<\/p>\n<p>&nbsp;<\/p>\n<p>Esta digress\u00e3o norte-americana de Pascual Ilabaca y Fauna \u00e9 poss\u00edvel gra\u00e7as ao apoio do Programa Iberm\u00fasicas e do Mid Atlantic Arts, chamada 2023.<\/p>\n<p>&nbsp;<\/p>\n<ul>\n<li>Quinta-feira, 20 de mar\u00e7o The Muckenthaler Cultural Center 1201 W Malvern Ave Fullerton, Calif\u00f3rnia<\/li>\n<li>Domingo, 23 de mar\u00e7o The Old Church 1422 SW 11th Ave Portland, Oregon<\/li>\n<li>Segunda-feira, 24 de mar\u00e7o Spanish Ballroom 565 Broadway Tacoma, Washington<\/li>\n<li>Quarta-feira, 26 de mar\u00e7o City of Asylum 40 W North Ave Pittsburgh, Pensilv\u00e2nia<\/li>\n<li>Quinta-feira, 27 de mar\u00e7o Center Lincoln Center Plaza Nova Iorque Nova Iorque<\/li>\n<li>Sexta-feira, 28 de mar\u00e7o Zoellner Arts Center 420 E Packer Ave Bethlehem, Pensilv\u00e2nia<\/li>\n<li>S\u00e1bado, 29 de mar\u00e7o Weinberg Center for the Arts 20 W Patrick St Frederick Maryland<\/li>\n<li>S\u00e1bado, 5 de abril Out (Loud) In The Tropics Miami Beach, Fl\u00f3rida<\/li>\n<\/ul>\n","protected":false},"excerpt":{"rendered":"<p>Pascuala Ilabaca \u00e9 uma das artistas mais proeminentes da nova cena latino-americana de cantoras e compositoras. A sua m\u00fasica tem ra\u00edzes em sons tradicionais, mas integra sem esfor\u00e7o influ\u00eancias de jazz, pop e rock de lugares t\u00e3o distantes como a \u00cdndia e o M\u00e9xico. &nbsp; Acompanhada pela sua formid\u00e1vel banda Fauna, a sua presen\u00e7a \u00fanica [&hellip;]<\/p>\n","protected":false},"author":7,"featured_media":21766,"comment_status":"closed","ping_status":"closed","sticky":false,"template":"","format":"standard","meta":{"footnotes":""},"categories":[218],"tags":[],"class_list":["post-21768","post","type-post","status-publish","format-standard","has-post-thumbnail","hentry","category-noticias-generales-pt"],"lang":"pt","translations":{"pt":21768},"pll_sync_post":[],"post_mailing_queue_ids":[],"_links":{"self":[{"href":"http:\/\/staging.ibermusicas.org\/index.php\/wp-json\/wp\/v2\/posts\/21768","targetHints":{"allow":["GET"]}}],"collection":[{"href":"http:\/\/staging.ibermusicas.org\/index.php\/wp-json\/wp\/v2\/posts"}],"about":[{"href":"http:\/\/staging.ibermusicas.org\/index.php\/wp-json\/wp\/v2\/types\/post"}],"author":[{"embeddable":true,"href":"http:\/\/staging.ibermusicas.org\/index.php\/wp-json\/wp\/v2\/users\/7"}],"replies":[{"embeddable":true,"href":"http:\/\/staging.ibermusicas.org\/index.php\/wp-json\/wp\/v2\/comments?post=21768"}],"version-history":[{"count":1,"href":"http:\/\/staging.ibermusicas.org\/index.php\/wp-json\/wp\/v2\/posts\/21768\/revisions"}],"predecessor-version":[{"id":21769,"href":"http:\/\/staging.ibermusicas.org\/index.php\/wp-json\/wp\/v2\/posts\/21768\/revisions\/21769"}],"wp:featuredmedia":[{"embeddable":true,"href":"http:\/\/staging.ibermusicas.org\/index.php\/wp-json\/wp\/v2\/media\/21766"}],"wp:attachment":[{"href":"http:\/\/staging.ibermusicas.org\/index.php\/wp-json\/wp\/v2\/media?parent=21768"}],"wp:term":[{"taxonomy":"category","embeddable":true,"href":"http:\/\/staging.ibermusicas.org\/index.php\/wp-json\/wp\/v2\/categories?post=21768"},{"taxonomy":"post_tag","embeddable":true,"href":"http:\/\/staging.ibermusicas.org\/index.php\/wp-json\/wp\/v2\/tags?post=21768"}],"curies":[{"name":"wp","href":"https:\/\/api.w.org\/{rel}","templated":true}]}}