{"id":21776,"date":"2025-03-13T16:04:19","date_gmt":"2025-03-13T16:04:19","guid":{"rendered":"http:\/\/staging.ibermusicas.org\/?p=21776"},"modified":"2025-03-27T17:47:59","modified_gmt":"2025-03-27T17:47:59","slug":"en-marzo-se-realizara-la-residencia-artistica-sonarte-2025-en-montevideo-uruguay","status":"publish","type":"post","link":"http:\/\/staging.ibermusicas.org\/index.php\/en-marzo-se-realizara-la-residencia-artistica-sonarte-2025-en-montevideo-uruguay\/","title":{"rendered":"En marzo se realizar\u00e1 la Residencia Art\u00edstica SonArte 2025 en Montevideo, Uruguay"},"content":{"rendered":"<p>La Residencia Art\u00edstica SonArte 2025 es un programa dise\u00f1ado para j\u00f3venes m\u00fasicos latinoamericanos de entre 18 y 35 a\u00f1os que se llevar\u00e1 a cabo en Montevideo en el mes de marzo y contar\u00e1 con la participaci\u00f3n de profesores de corno, oboe, flauta, clarinete y fagot de renombre internacional.<\/p>\n<p>&nbsp;<\/p>\n<p>El objetivo es ofrecer una experiencia formativa de alta calidad, promoviendo el desarrollo art\u00edstico de las y los participantes a trav\u00e9s de clases magistrales, talleres y presentaciones en vivo.<\/p>\n<p>&nbsp;<\/p>\n<p>Tambi\u00e9n la Residencia ofrecer\u00e1 talleres de apoyo psicol\u00f3gico: enfocados en manejo de la ansiedad, el p\u00e1nico esc\u00e9nico y la frustraci\u00f3n en colaboraci\u00f3n con Rapport Psicolog\u00eda Integral, yoga y actividades al aire libre para promover el bienestar f\u00edsico y mental de las y los participantes.<\/p>\n<p>&nbsp;<\/p>\n<p>El Concierto de Gala con el que se dar\u00e1 cierre a la residencia ser\u00e1 un evento abierto al p\u00fablico por medio de entradas.<\/p>\n<p>&nbsp;<\/p>\n<p>Participar\u00e1n los docentes: Isabel Carmona Quiles (flauta), Marta Hern\u00e1ndez Santos (oboe), Raimund Zell (corno), \u00c1lvaro Canales Albert (fagot) y Joel Cardoso (clarinete).<\/p>\n<p>&nbsp;<\/p>\n<p>El proyecto de la Residencia Art\u00edstica SonArte 2025 fue premiado por el Programa Iberm\u00fasicas en la l\u00ednea de \u201cAyuda a instituciones para residencias\u201d, convocatoria 2024.<\/p>\n<p>&nbsp;<\/p>\n<ul>\n<li>Del 25 al 30 de marzo del 2025 en la Ciudad de Montevideo, Uruguay<\/li>\n<\/ul>\n","protected":false},"excerpt":{"rendered":"<p>La Residencia Art\u00edstica SonArte 2025 es un programa dise\u00f1ado para j\u00f3venes m\u00fasicos latinoamericanos de entre 18 y 35 a\u00f1os que se llevar\u00e1 a cabo en Montevideo en el mes de marzo y contar\u00e1 con la participaci\u00f3n de profesores de corno, oboe, flauta, clarinete y fagot de renombre internacional. &nbsp; El objetivo es ofrecer una experiencia [&hellip;]<\/p>\n","protected":false},"author":7,"featured_media":21777,"comment_status":"closed","ping_status":"closed","sticky":false,"template":"","format":"standard","meta":{"footnotes":""},"categories":[53],"tags":[],"class_list":["post-21776","post","type-post","status-publish","format-standard","has-post-thumbnail","hentry","category-noticias-generales"],"lang":"es","translations":{"es":21776},"pll_sync_post":[],"post_mailing_queue_ids":[],"_links":{"self":[{"href":"http:\/\/staging.ibermusicas.org\/index.php\/wp-json\/wp\/v2\/posts\/21776","targetHints":{"allow":["GET"]}}],"collection":[{"href":"http:\/\/staging.ibermusicas.org\/index.php\/wp-json\/wp\/v2\/posts"}],"about":[{"href":"http:\/\/staging.ibermusicas.org\/index.php\/wp-json\/wp\/v2\/types\/post"}],"author":[{"embeddable":true,"href":"http:\/\/staging.ibermusicas.org\/index.php\/wp-json\/wp\/v2\/users\/7"}],"replies":[{"embeddable":true,"href":"http:\/\/staging.ibermusicas.org\/index.php\/wp-json\/wp\/v2\/comments?post=21776"}],"version-history":[{"count":1,"href":"http:\/\/staging.ibermusicas.org\/index.php\/wp-json\/wp\/v2\/posts\/21776\/revisions"}],"predecessor-version":[{"id":21778,"href":"http:\/\/staging.ibermusicas.org\/index.php\/wp-json\/wp\/v2\/posts\/21776\/revisions\/21778"}],"wp:featuredmedia":[{"embeddable":true,"href":"http:\/\/staging.ibermusicas.org\/index.php\/wp-json\/wp\/v2\/media\/21777"}],"wp:attachment":[{"href":"http:\/\/staging.ibermusicas.org\/index.php\/wp-json\/wp\/v2\/media?parent=21776"}],"wp:term":[{"taxonomy":"category","embeddable":true,"href":"http:\/\/staging.ibermusicas.org\/index.php\/wp-json\/wp\/v2\/categories?post=21776"},{"taxonomy":"post_tag","embeddable":true,"href":"http:\/\/staging.ibermusicas.org\/index.php\/wp-json\/wp\/v2\/tags?post=21776"}],"curies":[{"name":"wp","href":"https:\/\/api.w.org\/{rel}","templated":true}]}}