{"id":21779,"date":"2025-03-13T16:05:52","date_gmt":"2025-03-13T16:05:52","guid":{"rendered":"http:\/\/staging.ibermusicas.org\/?p=21779"},"modified":"2025-03-27T17:54:31","modified_gmt":"2025-03-27T17:54:31","slug":"a-residencia-artistica-sonarte-2025-tera-lugar-em-marco-em-montevideu-uruguai","status":"publish","type":"post","link":"http:\/\/staging.ibermusicas.org\/index.php\/a-residencia-artistica-sonarte-2025-tera-lugar-em-marco-em-montevideu-uruguai\/","title":{"rendered":"A Resid\u00eancia Art\u00edstica SonArte 2025 ter\u00e1 lugar em mar\u00e7o em Montevideu, Uruguai"},"content":{"rendered":"<p>A Resid\u00eancia Art\u00edstica SonArte 2025 \u00e9 um programa destinado a jovens m\u00fasicos latino-americanos entre os 18 e os 35 anos que ter\u00e1 lugar em Montevideu, em mar\u00e7o, com a participa\u00e7\u00e3o de professores de trompa, obo\u00e9, flauta, clarinete e fagote de renome internacional.<\/p>\n<p>O objetivo \u00e9 oferecer uma experi\u00eancia de forma\u00e7\u00e3o de alta qualidade, promovendo o desenvolvimento art\u00edstico dos participantes atrav\u00e9s de masterclasses, workshops e actua\u00e7\u00f5es ao vivo.<\/p>\n<p>A Resid\u00eancia oferecer\u00e1 tamb\u00e9m workshops de apoio psicol\u00f3gico: centrados na ansiedade, no medo do palco e na gest\u00e3o da frustra\u00e7\u00e3o, em colabora\u00e7\u00e3o com a Rapport Psicolog\u00eda Integral, yoga e atividades ao ar livre para promover o bem-estar f\u00edsico e mental dos participantes.<\/p>\n<p>O Concerto de Gala que encerrar\u00e1 a resid\u00eancia ser\u00e1 um evento aberto ao p\u00fablico com taxas de entrada.<\/p>\n<p>Os professores participantes ser\u00e3o: Isabel Carmona Quiles (flauta), Marta Hern\u00e1ndez Santos (obo\u00e9), Raimund Zell (trompa), \u00c1lvaro Canales Albert (fagote) e Joel Cardoso (clarinete).<\/p>\n<p>O projeto da Resid\u00eancia Art\u00edstica SonArte 2025 foi premiado pelo Programa Iberm\u00fasicas na linha de \u201cAjudas a institui\u00e7\u00f5es para resid\u00eancias\u201d, convocat\u00f3ria 2024.<\/p>\n<p>&nbsp;<\/p>\n<ul>\n<li>De 25 a 30 de mar\u00e7o de 2025 na cidade de Montevideu, Uruguai<\/li>\n<\/ul>\n","protected":false},"excerpt":{"rendered":"<p>A Resid\u00eancia Art\u00edstica SonArte 2025 \u00e9 um programa destinado a jovens m\u00fasicos latino-americanos entre os 18 e os 35 anos que ter\u00e1 lugar em Montevideu, em mar\u00e7o, com a participa\u00e7\u00e3o de professores de trompa, obo\u00e9, flauta, clarinete e fagote de renome internacional. O objetivo \u00e9 oferecer uma experi\u00eancia de forma\u00e7\u00e3o de alta qualidade, promovendo o [&hellip;]<\/p>\n","protected":false},"author":7,"featured_media":21777,"comment_status":"closed","ping_status":"closed","sticky":false,"template":"","format":"standard","meta":{"footnotes":""},"categories":[218],"tags":[],"class_list":["post-21779","post","type-post","status-publish","format-standard","has-post-thumbnail","hentry","category-noticias-generales-pt"],"lang":"pt","translations":{"pt":21779},"pll_sync_post":[],"post_mailing_queue_ids":[],"_links":{"self":[{"href":"http:\/\/staging.ibermusicas.org\/index.php\/wp-json\/wp\/v2\/posts\/21779","targetHints":{"allow":["GET"]}}],"collection":[{"href":"http:\/\/staging.ibermusicas.org\/index.php\/wp-json\/wp\/v2\/posts"}],"about":[{"href":"http:\/\/staging.ibermusicas.org\/index.php\/wp-json\/wp\/v2\/types\/post"}],"author":[{"embeddable":true,"href":"http:\/\/staging.ibermusicas.org\/index.php\/wp-json\/wp\/v2\/users\/7"}],"replies":[{"embeddable":true,"href":"http:\/\/staging.ibermusicas.org\/index.php\/wp-json\/wp\/v2\/comments?post=21779"}],"version-history":[{"count":1,"href":"http:\/\/staging.ibermusicas.org\/index.php\/wp-json\/wp\/v2\/posts\/21779\/revisions"}],"predecessor-version":[{"id":21780,"href":"http:\/\/staging.ibermusicas.org\/index.php\/wp-json\/wp\/v2\/posts\/21779\/revisions\/21780"}],"wp:featuredmedia":[{"embeddable":true,"href":"http:\/\/staging.ibermusicas.org\/index.php\/wp-json\/wp\/v2\/media\/21777"}],"wp:attachment":[{"href":"http:\/\/staging.ibermusicas.org\/index.php\/wp-json\/wp\/v2\/media?parent=21779"}],"wp:term":[{"taxonomy":"category","embeddable":true,"href":"http:\/\/staging.ibermusicas.org\/index.php\/wp-json\/wp\/v2\/categories?post=21779"},{"taxonomy":"post_tag","embeddable":true,"href":"http:\/\/staging.ibermusicas.org\/index.php\/wp-json\/wp\/v2\/tags?post=21779"}],"curies":[{"name":"wp","href":"https:\/\/api.w.org\/{rel}","templated":true}]}}