{"id":21781,"date":"2025-03-13T16:07:45","date_gmt":"2025-03-13T16:07:45","guid":{"rendered":"http:\/\/staging.ibermusicas.org\/?p=21781"},"modified":"2025-03-27T17:47:50","modified_gmt":"2025-03-27T17:47:50","slug":"niyireth-alarcon-y-sofia-elena-sanchez-reconocidas-por-su-trayectoria-en-las-musicas-andinas-de-colombia-realizan-su-gira-por-europa-mujeres-y-musicas-de-montana","status":"publish","type":"post","link":"http:\/\/staging.ibermusicas.org\/index.php\/niyireth-alarcon-y-sofia-elena-sanchez-reconocidas-por-su-trayectoria-en-las-musicas-andinas-de-colombia-realizan-su-gira-por-europa-mujeres-y-musicas-de-montana\/","title":{"rendered":"Niyireth Alarc\u00f3n y Sof\u00eda Elena S\u00e1nchez, reconocidas por su trayectoria en las m\u00fasicas andinas de Colombia realizan su gira por Europa \u201cMujeres y M\u00fasicas de Monta\u00f1a\u201d"},"content":{"rendered":"<p>La gira es un viaje por la Colombia andina, habitada y contada por sus mujeres, por aquellas que siembran, tejen, cantan, cosechan los alimentos, cocinan y cuidan de la casa, de los hijos y de la naturaleza. A ritmo de Bambuco, Guabina, Torbellino, Sanjuanero, Pasillo y Rajale\u00f1a, cuentan y cantan historias y paisajes de esta regi\u00f3n de monta\u00f1as, arraigados en la cultura popular, en la magia ancestral de los pueblos ind\u00edgenas y campesinos, en la rica cultura europea con su lenguaje de profundo humanismo; y en los cantos y ritmos sanadores del \u00c1frica negra, todos presentes en Colombia.<\/p>\n<p>&nbsp;<\/p>\n<p>\u201cMujeres y M\u00fasicas de Monta\u00f1a\u201d es un viaje hacia la memoria colectiva, una celebraci\u00f3n de la diversidad cultural y las infinitas formas de describir y descubrir el mundo con la profundidad del canto y sus im\u00e1genes. Una ventana cultural para que Colombia exprese su maravillosa diversidad y su asombroso mestizaje, en la voz de Niyireth y la guitarra de Sof\u00eda Elena.<\/p>\n<p>&nbsp;<\/p>\n<p>Esta gira europea de Niyireth y Sof\u00eda Elena se hace posible gracias al apoyo del Programa Iberm\u00fasicas por medio de su l\u00ednea de \u201cAyuda a la circulaci\u00f3n de profesionales de la m\u00fasica\u201d, convocatoria 2024.<\/p>\n<p>&nbsp;<\/p>\n<ul>\n<li>S\u00e1bado 22 de marzo, 20h: Concierto, grabaci\u00f3n y streaming, El Susurro &#8211; Estudi Rosazul, Pla\u00e7a de Julio Gonz\u00e1lez, 8 bajos, Sant Mart\u00ed, 08005, Barcelona, Espa\u00f1a<\/li>\n<li>Mi\u00e9rcoles 26 de marzo,10h: Taller de composici\u00f3n e interpretaci\u00f3n de m\u00fasica colombiana en Compagnie Cuerdas Latinas, Luxemburgo<\/li>\n<li>Mi\u00e9rcoles 26 de marzo,19h30: Concierto en Foyer europ\u00e9en, Luxembourg, 10 rue Heinrich Heine, L-1720, Luxemburgo<\/li>\n<li>Jueves, 27 de marzo, 10h: Taller de composici\u00f3n e interpretaci\u00f3n de m\u00fasica colombiana en Asociaci\u00f3n AICOPI, Acad\u00e9mie Int\u00e9grale des Cordes Pinc\u00e9es, Metz, Francia<\/li>\n<li>Jueves, 27 de marzo, 20h: Concierto en Concierto &#8211; Centre Culturel de Metz Queuleu, 53 rue des Trois Ev\u00each\u00e9s, 57070, Metz, Francia<\/li>\n<li>S\u00e1bado 29 de marzo, 20h: Concierto en Domblain (Concert au salon), Francia<\/li>\n<li>Domingo 30 de marzo, 20h: Concierto en Saint-Dizier (Concert au salon), Francia<\/li>\n<li>Viernes 4 de abril, 20h: Maison de l&#8217;Am\u00e9rique latine, 217 del Bulevar Saint-Germain, Paris, Francia<\/li>\n<\/ul>\n","protected":false},"excerpt":{"rendered":"<p>La gira es un viaje por la Colombia andina, habitada y contada por sus mujeres, por aquellas que siembran, tejen, cantan, cosechan los alimentos, cocinan y cuidan de la casa, de los hijos y de la naturaleza. A ritmo de Bambuco, Guabina, Torbellino, Sanjuanero, Pasillo y Rajale\u00f1a, cuentan y cantan historias y paisajes de esta [&hellip;]<\/p>\n","protected":false},"author":7,"featured_media":21782,"comment_status":"closed","ping_status":"closed","sticky":false,"template":"","format":"standard","meta":{"footnotes":""},"categories":[53],"tags":[],"class_list":["post-21781","post","type-post","status-publish","format-standard","has-post-thumbnail","hentry","category-noticias-generales"],"lang":"es","translations":{"es":21781},"pll_sync_post":[],"post_mailing_queue_ids":[],"_links":{"self":[{"href":"http:\/\/staging.ibermusicas.org\/index.php\/wp-json\/wp\/v2\/posts\/21781","targetHints":{"allow":["GET"]}}],"collection":[{"href":"http:\/\/staging.ibermusicas.org\/index.php\/wp-json\/wp\/v2\/posts"}],"about":[{"href":"http:\/\/staging.ibermusicas.org\/index.php\/wp-json\/wp\/v2\/types\/post"}],"author":[{"embeddable":true,"href":"http:\/\/staging.ibermusicas.org\/index.php\/wp-json\/wp\/v2\/users\/7"}],"replies":[{"embeddable":true,"href":"http:\/\/staging.ibermusicas.org\/index.php\/wp-json\/wp\/v2\/comments?post=21781"}],"version-history":[{"count":1,"href":"http:\/\/staging.ibermusicas.org\/index.php\/wp-json\/wp\/v2\/posts\/21781\/revisions"}],"predecessor-version":[{"id":21783,"href":"http:\/\/staging.ibermusicas.org\/index.php\/wp-json\/wp\/v2\/posts\/21781\/revisions\/21783"}],"wp:featuredmedia":[{"embeddable":true,"href":"http:\/\/staging.ibermusicas.org\/index.php\/wp-json\/wp\/v2\/media\/21782"}],"wp:attachment":[{"href":"http:\/\/staging.ibermusicas.org\/index.php\/wp-json\/wp\/v2\/media?parent=21781"}],"wp:term":[{"taxonomy":"category","embeddable":true,"href":"http:\/\/staging.ibermusicas.org\/index.php\/wp-json\/wp\/v2\/categories?post=21781"},{"taxonomy":"post_tag","embeddable":true,"href":"http:\/\/staging.ibermusicas.org\/index.php\/wp-json\/wp\/v2\/tags?post=21781"}],"curies":[{"name":"wp","href":"https:\/\/api.w.org\/{rel}","templated":true}]}}