{"id":21786,"date":"2025-03-13T16:13:12","date_gmt":"2025-03-13T16:13:12","guid":{"rendered":"http:\/\/staging.ibermusicas.org\/?p=21786"},"modified":"2025-03-27T17:47:36","modified_gmt":"2025-03-27T17:47:36","slug":"el-museo-nacional-de-antropologia-de-mexico-recibe-a-los-etnomusicologos-argentinos-maria-emilia-sosa-cacace-y-alejandro-iglesias-rossi-para-su-proyecto-de-recuperacion-del-patrimonio-sonoro-maya","status":"publish","type":"post","link":"http:\/\/staging.ibermusicas.org\/index.php\/el-museo-nacional-de-antropologia-de-mexico-recibe-a-los-etnomusicologos-argentinos-maria-emilia-sosa-cacace-y-alejandro-iglesias-rossi-para-su-proyecto-de-recuperacion-del-patrimonio-sonoro-maya\/","title":{"rendered":"El Museo Nacional de Antropolog\u00eda de M\u00e9xico recibe a los etnomusic\u00f3logos argentinos Mar\u00eda Emilia Sosa Cacace y Alejandro Iglesias Rossi para su proyecto de recuperaci\u00f3n del patrimonio sonoro maya"},"content":{"rendered":"<p>Este Proyecto de innovaci\u00f3n tecnol\u00f3gica tiene como objetivo revalorizar, visibilizar y difundir el patrimonio sonoro maya y a futuro, desarrollar una recreaci\u00f3n interactiva de sus sonoridades a trav\u00e9s de la realidad virtual.<\/p>\n<p>&nbsp;<\/p>\n<p>Este proyecto interdisciplinario est\u00e1 liderado por etnomusic\u00f3logos argentinos y franceses y arque\u00f3logos del Museo.\u00a0 El objetivo es estudiar la pr\u00e1ctica sonora maya en su contexto. Para lograrlo, el equipo de investigaci\u00f3n se focalizar\u00e1 en la digitalizaci\u00f3n en 3D y recreaci\u00f3n de una colecci\u00f3n de 15 artefactos instrumentales conservados el Museo Nacional de Antropolog\u00eda de M\u00e9xico.<\/p>\n<p>&nbsp;<\/p>\n<p>Posteriormente, el equipo viajar\u00e1 a sitios arqueol\u00f3gicos mayas, en el coraz\u00f3n de la selva. Con equipos y tecnolog\u00eda de punta se realizar\u00e1n grabaciones sonoras de interpretaciones musicales con las recreaciones de los instrumentos producidos para esta ocasi\u00f3n, con la finalidad de crear una experiencia inmersiva que reconecte a los oyentes con los sonidos que estuvieron perdidos durante siglos.<\/p>\n<p>&nbsp;<\/p>\n<p>Esta producci\u00f3n permitir\u00e1 posteriormente crear documentales\u00a0 para su difusi\u00f3n. La misma consistir\u00e1 en la recreaci\u00f3n sonora de los instrumentos en las Zonas Arqueol\u00f3gicas de Dzibanch\u00e9 y Kohunlich.<\/p>\n<p>&nbsp;<\/p>\n<p>El proyecto es una colaboraci\u00f3n multidisciplinaria e internacional entre Francia, Argentina y M\u00e9xico, liderada por la UNTREF &#8211; Universidad Nacional de Tres de Febrero de Argentina, El PRIAE &#8211; Polo de Investigaci\u00f3n, Interpretaci\u00f3n y Arqueolog\u00eda Experimental de Francia y la Subdirecci\u00f3n de Arqueolog\u00eda del Museo Nacional de Antropolog\u00eda (MNA) de M\u00e9xico.<\/p>\n<p>&nbsp;<\/p>\n<p>El presente proyecto ha sido ganador de la convocatoria 2024 del Programa Iberm\u00fasicas en la l\u00ednea de \u201cAyuda a Instituciones para Residencias\u201d.<\/p>\n","protected":false},"excerpt":{"rendered":"<p>Este Proyecto de innovaci\u00f3n tecnol\u00f3gica tiene como objetivo revalorizar, visibilizar y difundir el patrimonio sonoro maya y a futuro, desarrollar una recreaci\u00f3n interactiva de sus sonoridades a trav\u00e9s de la realidad virtual. &nbsp; Este proyecto interdisciplinario est\u00e1 liderado por etnomusic\u00f3logos argentinos y franceses y arque\u00f3logos del Museo.\u00a0 El objetivo es estudiar la pr\u00e1ctica sonora maya [&hellip;]<\/p>\n","protected":false},"author":7,"featured_media":21787,"comment_status":"closed","ping_status":"closed","sticky":false,"template":"","format":"standard","meta":{"footnotes":""},"categories":[53],"tags":[],"class_list":["post-21786","post","type-post","status-publish","format-standard","has-post-thumbnail","hentry","category-noticias-generales"],"lang":"es","translations":{"es":21786},"pll_sync_post":[],"post_mailing_queue_ids":[],"_links":{"self":[{"href":"http:\/\/staging.ibermusicas.org\/index.php\/wp-json\/wp\/v2\/posts\/21786","targetHints":{"allow":["GET"]}}],"collection":[{"href":"http:\/\/staging.ibermusicas.org\/index.php\/wp-json\/wp\/v2\/posts"}],"about":[{"href":"http:\/\/staging.ibermusicas.org\/index.php\/wp-json\/wp\/v2\/types\/post"}],"author":[{"embeddable":true,"href":"http:\/\/staging.ibermusicas.org\/index.php\/wp-json\/wp\/v2\/users\/7"}],"replies":[{"embeddable":true,"href":"http:\/\/staging.ibermusicas.org\/index.php\/wp-json\/wp\/v2\/comments?post=21786"}],"version-history":[{"count":1,"href":"http:\/\/staging.ibermusicas.org\/index.php\/wp-json\/wp\/v2\/posts\/21786\/revisions"}],"predecessor-version":[{"id":21788,"href":"http:\/\/staging.ibermusicas.org\/index.php\/wp-json\/wp\/v2\/posts\/21786\/revisions\/21788"}],"wp:featuredmedia":[{"embeddable":true,"href":"http:\/\/staging.ibermusicas.org\/index.php\/wp-json\/wp\/v2\/media\/21787"}],"wp:attachment":[{"href":"http:\/\/staging.ibermusicas.org\/index.php\/wp-json\/wp\/v2\/media?parent=21786"}],"wp:term":[{"taxonomy":"category","embeddable":true,"href":"http:\/\/staging.ibermusicas.org\/index.php\/wp-json\/wp\/v2\/categories?post=21786"},{"taxonomy":"post_tag","embeddable":true,"href":"http:\/\/staging.ibermusicas.org\/index.php\/wp-json\/wp\/v2\/tags?post=21786"}],"curies":[{"name":"wp","href":"https:\/\/api.w.org\/{rel}","templated":true}]}}