{"id":21794,"date":"2025-03-13T16:19:01","date_gmt":"2025-03-13T16:19:01","guid":{"rendered":"http:\/\/staging.ibermusicas.org\/?p=21794"},"modified":"2025-03-27T17:54:07","modified_gmt":"2025-03-27T17:54:07","slug":"a-residencia-tecnica-e-criativa-da-artista-chilena-maria-compas-comeca-no-mexico-em-torno-da-exploracao-e-experimentacao-musical-do-concerto-kinesfera-posthack","status":"publish","type":"post","link":"http:\/\/staging.ibermusicas.org\/index.php\/a-residencia-tecnica-e-criativa-da-artista-chilena-maria-compas-comeca-no-mexico-em-torno-da-exploracao-e-experimentacao-musical-do-concerto-kinesfera-posthack\/","title":{"rendered":"A resid\u00eancia t\u00e9cnica e criativa da artista chilena Mar\u00eda Comp\u00e1s come\u00e7a no M\u00e9xico em torno da explora\u00e7\u00e3o e experimenta\u00e7\u00e3o musical do concerto \u201cKinesfera Posthack\u201d"},"content":{"rendered":"<p>Este projeto consiste em uma resid\u00eancia criativa e t\u00e9cnica em torno da explora\u00e7\u00e3o e experimenta\u00e7\u00e3o musical do show \u201cKinesfera Posthack\u201d do projeto solo de Mar\u00eda Comp\u00e1s, cuja busca se baseia no cruzamento entre m\u00fasica e poesia por meio de um formato individual de natureza digital onde o rap converge com o eletropop experimental e a poesia sonora.<\/p>\n<p>&nbsp;<\/p>\n<p>A resid\u00eancia ser\u00e1 realizada no Centro Estatal de las Artes de Comala (Colima, M\u00e9xico) e ser\u00e1 assessorada por uma equipe mexicana interdisciplinar composta pelo m\u00fasico e dramaturgo sonoro Manuel Estrella, pela artista visual Daniela Guns e pelo artista de movimento Rafael Hern\u00e1ndez Ramos.<\/p>\n<p>&nbsp;<\/p>\n<p>Os resultados dessa pesquisa ser\u00e3o incorporados em dois concertos a serem realizados na cidade de Colima, no M\u00e9xico, e em um concerto a ser realizado na cidade de Temuco, no Chile.<\/p>\n<p>Mar\u00eda Comp\u00e1s \u00e9 escritora, compositora e musicista, origin\u00e1ria de Santiago e radicada no sul do Chile. Ela tem um projeto solo de rap alternativo que oscila entre o indie-rap e o rap eletro-experimental. Ela j\u00e1 publicou v\u00e1rios livros, singles e EPs.<\/p>\n<p>&nbsp;<\/p>\n<p>Esta resid\u00eancia de Mar\u00eda Comp\u00e1s \u00e9 poss\u00edvel gra\u00e7as ao apoio do Iberm\u00fasicas atrav\u00e9s de sua linha de \u201cAjuda a artistas e pesquisadores para resid\u00eancias\u201d, chamada 2024.<\/p>\n<p>&nbsp;<\/p>\n<ul>\n<li>De mar\u00e7o a maio, no Centro Estatal de las Artes de Comala, M\u00e9xico<\/li>\n<\/ul>\n","protected":false},"excerpt":{"rendered":"<p>Este projeto consiste em uma resid\u00eancia criativa e t\u00e9cnica em torno da explora\u00e7\u00e3o e experimenta\u00e7\u00e3o musical do show \u201cKinesfera Posthack\u201d do projeto solo de Mar\u00eda Comp\u00e1s, cuja busca se baseia no cruzamento entre m\u00fasica e poesia por meio de um formato individual de natureza digital onde o rap converge com o eletropop experimental e a [&hellip;]<\/p>\n","protected":false},"author":7,"featured_media":21792,"comment_status":"closed","ping_status":"closed","sticky":false,"template":"","format":"standard","meta":{"footnotes":""},"categories":[218],"tags":[],"class_list":["post-21794","post","type-post","status-publish","format-standard","has-post-thumbnail","hentry","category-noticias-generales-pt"],"lang":"pt","translations":{"pt":21794},"pll_sync_post":[],"post_mailing_queue_ids":[],"_links":{"self":[{"href":"http:\/\/staging.ibermusicas.org\/index.php\/wp-json\/wp\/v2\/posts\/21794","targetHints":{"allow":["GET"]}}],"collection":[{"href":"http:\/\/staging.ibermusicas.org\/index.php\/wp-json\/wp\/v2\/posts"}],"about":[{"href":"http:\/\/staging.ibermusicas.org\/index.php\/wp-json\/wp\/v2\/types\/post"}],"author":[{"embeddable":true,"href":"http:\/\/staging.ibermusicas.org\/index.php\/wp-json\/wp\/v2\/users\/7"}],"replies":[{"embeddable":true,"href":"http:\/\/staging.ibermusicas.org\/index.php\/wp-json\/wp\/v2\/comments?post=21794"}],"version-history":[{"count":1,"href":"http:\/\/staging.ibermusicas.org\/index.php\/wp-json\/wp\/v2\/posts\/21794\/revisions"}],"predecessor-version":[{"id":21795,"href":"http:\/\/staging.ibermusicas.org\/index.php\/wp-json\/wp\/v2\/posts\/21794\/revisions\/21795"}],"wp:featuredmedia":[{"embeddable":true,"href":"http:\/\/staging.ibermusicas.org\/index.php\/wp-json\/wp\/v2\/media\/21792"}],"wp:attachment":[{"href":"http:\/\/staging.ibermusicas.org\/index.php\/wp-json\/wp\/v2\/media?parent=21794"}],"wp:term":[{"taxonomy":"category","embeddable":true,"href":"http:\/\/staging.ibermusicas.org\/index.php\/wp-json\/wp\/v2\/categories?post=21794"},{"taxonomy":"post_tag","embeddable":true,"href":"http:\/\/staging.ibermusicas.org\/index.php\/wp-json\/wp\/v2\/tags?post=21794"}],"curies":[{"name":"wp","href":"https:\/\/api.w.org\/{rel}","templated":true}]}}