{"id":21796,"date":"2025-03-13T16:21:44","date_gmt":"2025-03-13T16:21:44","guid":{"rendered":"http:\/\/staging.ibermusicas.org\/?p=21796"},"modified":"2025-03-27T17:47:17","modified_gmt":"2025-03-27T17:47:17","slug":"diana-villalobos-fontana-de-costa-rica-inicia-su-especializacion-con-natalia-perelman-de-argentina","status":"publish","type":"post","link":"http:\/\/staging.ibermusicas.org\/index.php\/diana-villalobos-fontana-de-costa-rica-inicia-su-especializacion-con-natalia-perelman-de-argentina\/","title":{"rendered":"Diana Villalobos Fontana de Costa Rica inicia su especializaci\u00f3n con Natalia Perelman de Argentina"},"content":{"rendered":"<p>\u201cSonidos en red &#8211; Mujeres, Audio e Innovaci\u00f3n Cultural\u201d es el proyecto que plantea una capacitaci\u00f3n personalizada con Natalia Perelman en Argentina. Natalia es referente de la ingenier\u00eda de audio y de la resistencia femenina en Latinoam\u00e9rica. En este proceso de especializaci\u00f3n le brindar\u00e1 a Diana Villalobos, herramientas para fortalecer sus conocimientos t\u00e9cnicos y as\u00ed reactivar el equipamiento en desuso en la Universidad Nacional de Costa Rica<\/p>\n<p>&nbsp;<\/p>\n<p>Este proyecto promueve la igualdad de g\u00e9nero al facilitar el acceso de mujeres y ni\u00f1as al \u00e1mbito del audio, y fomenta la multiculturalidad al combinar los contextos diversos de Costa Rica y Argentina, creando una red de colaboraci\u00f3n latinoamericana en la producci\u00f3n musical.<\/p>\n<p>&nbsp;<\/p>\n<p>Diana Villalobos Fontana es m\u00fasica clarinetista y creadora audiovisual. Adem\u00e1s, es productora art\u00edstica de la Escuela de M\u00fasica de la Universidad Nacional de Costa Rica.<\/p>\n<p>&nbsp;<\/p>\n<p>Natalia Perelman: es una destacada figura del sonido en Argentina y Latinoam\u00e9rica con m\u00e1s de 25 a\u00f1os de experiencia en producci\u00f3n, mezcla y mastering de proyectos musicales independientes, es una referente en la industria musical. Recientemente dirigi\u00f3 el Centro de Investigaci\u00f3n en Audio y M\u00fasica (CIAM) en Tecn\u00f3polis, el \u00fanico estudio p\u00fablico con tecnolog\u00eda Dolby Atmos en la regi\u00f3n. Es fundadora de la Red Multisonora, miembro del C\u00edrculo de Productores e Ingenieros Latin Grammy, y ha impartido clases magistrales internacionalmente.<\/p>\n<p>&nbsp;<\/p>\n<p>La propuesta de Diana Villalobos Fontana ha sido ganadora de la convocatoria 2024 del Programa Iberm\u00fasicas en la l\u00ednea de \u201cAyuda a la especializaci\u00f3n y el perfeccionamiento art\u00edstico y t\u00e9cnico\u201d.<\/p>\n","protected":false},"excerpt":{"rendered":"<p>\u201cSonidos en red &#8211; Mujeres, Audio e Innovaci\u00f3n Cultural\u201d es el proyecto que plantea una capacitaci\u00f3n personalizada con Natalia Perelman en Argentina. Natalia es referente de la ingenier\u00eda de audio y de la resistencia femenina en Latinoam\u00e9rica. En este proceso de especializaci\u00f3n le brindar\u00e1 a Diana Villalobos, herramientas para fortalecer sus conocimientos t\u00e9cnicos y as\u00ed [&hellip;]<\/p>\n","protected":false},"author":7,"featured_media":21797,"comment_status":"closed","ping_status":"closed","sticky":false,"template":"","format":"standard","meta":{"footnotes":""},"categories":[53],"tags":[],"class_list":["post-21796","post","type-post","status-publish","format-standard","has-post-thumbnail","hentry","category-noticias-generales"],"lang":"es","translations":{"es":21796,"pt":21801},"pll_sync_post":[],"post_mailing_queue_ids":[],"_links":{"self":[{"href":"http:\/\/staging.ibermusicas.org\/index.php\/wp-json\/wp\/v2\/posts\/21796","targetHints":{"allow":["GET"]}}],"collection":[{"href":"http:\/\/staging.ibermusicas.org\/index.php\/wp-json\/wp\/v2\/posts"}],"about":[{"href":"http:\/\/staging.ibermusicas.org\/index.php\/wp-json\/wp\/v2\/types\/post"}],"author":[{"embeddable":true,"href":"http:\/\/staging.ibermusicas.org\/index.php\/wp-json\/wp\/v2\/users\/7"}],"replies":[{"embeddable":true,"href":"http:\/\/staging.ibermusicas.org\/index.php\/wp-json\/wp\/v2\/comments?post=21796"}],"version-history":[{"count":1,"href":"http:\/\/staging.ibermusicas.org\/index.php\/wp-json\/wp\/v2\/posts\/21796\/revisions"}],"predecessor-version":[{"id":21798,"href":"http:\/\/staging.ibermusicas.org\/index.php\/wp-json\/wp\/v2\/posts\/21796\/revisions\/21798"}],"wp:featuredmedia":[{"embeddable":true,"href":"http:\/\/staging.ibermusicas.org\/index.php\/wp-json\/wp\/v2\/media\/21797"}],"wp:attachment":[{"href":"http:\/\/staging.ibermusicas.org\/index.php\/wp-json\/wp\/v2\/media?parent=21796"}],"wp:term":[{"taxonomy":"category","embeddable":true,"href":"http:\/\/staging.ibermusicas.org\/index.php\/wp-json\/wp\/v2\/categories?post=21796"},{"taxonomy":"post_tag","embeddable":true,"href":"http:\/\/staging.ibermusicas.org\/index.php\/wp-json\/wp\/v2\/tags?post=21796"}],"curies":[{"name":"wp","href":"https:\/\/api.w.org\/{rel}","templated":true}]}}