{"id":21801,"date":"2025-03-13T16:24:51","date_gmt":"2025-03-13T16:24:51","guid":{"rendered":"http:\/\/staging.ibermusicas.org\/?p=21801"},"modified":"2025-03-27T17:53:59","modified_gmt":"2025-03-27T17:53:59","slug":"diana-villalobos-fontana-da-costa-rica-inicia-sua-especializacao-com-natalia-perelman-da-argentina","status":"publish","type":"post","link":"http:\/\/staging.ibermusicas.org\/index.php\/diana-villalobos-fontana-da-costa-rica-inicia-sua-especializacao-com-natalia-perelman-da-argentina\/","title":{"rendered":"Diana Villalobos Fontana, da Costa Rica, inicia sua especializa\u00e7\u00e3o com Natalia Perelman, da Argentina"},"content":{"rendered":"<p>\u201cSonidos en red &#8211; Mujeres, Audio e Innovaci\u00f3n Cultural\u201d \u00e9 o projeto que prop\u00f5e um treinamento personalizado com Natalia Perelman na Argentina. Natalia \u00e9 uma refer\u00eancia em engenharia de \u00e1udio e resist\u00eancia feminina na Am\u00e9rica Latina. Nesse processo de especializa\u00e7\u00e3o, ela fornecer\u00e1 a Diana Villalobos ferramentas para fortalecer seu conhecimento t\u00e9cnico e, assim, reativar o equipamento em desuso na Universidade Nacional da Costa Rica.<\/p>\n<p>&nbsp;<\/p>\n<p>Esse projeto promove a igualdade de g\u00eanero ao facilitar o acesso de mulheres e meninas ao campo do \u00e1udio e fomenta o multiculturalismo ao combinar os diversos contextos da Costa Rica e da Argentina, criando uma rede de colabora\u00e7\u00e3o latino-americana na produ\u00e7\u00e3o musical.<\/p>\n<p>&nbsp;<\/p>\n<p>Diana Villalobos Fontana \u00e9 clarinetista, musicista e criadora audiovisual. Ela tamb\u00e9m \u00e9 produtora art\u00edstica na Escola de M\u00fasica da Universidad Nacional da Costa Rica.<\/p>\n<p>&nbsp;<\/p>\n<p>Natalia Perelman: \u00e9 uma figura de destaque do som na Argentina e na Am\u00e9rica Latina, com mais de 25 anos de experi\u00eancia em produ\u00e7\u00e3o, mixagem e masteriza\u00e7\u00e3o de projetos musicais independentes, \u00e9 uma refer\u00eancia na ind\u00fastria da m\u00fasica. Recentemente, dirigiu o Centro de Investiga\u00e7\u00e3o em \u00c1udio e M\u00fasica (CIAM) em Tecn\u00f3polis, o \u00fanico est\u00fadio p\u00fablico com tecnologia Dolby Atmos na regi\u00e3o. \u00c9 fundadora da Rede Multisonora, membro do C\u00edrculo de Produtores e Engenheiros do Grammy Latino e ministrou master classes internacionalmente.<\/p>\n<p>&nbsp;<\/p>\n<p>A proposta de Diana Villalobos Fontana foi vencedora da convocat\u00f3ria 2024 do Programa Iberm\u00fasicas na linha de \u201cApoio \u00e0 especializa\u00e7\u00e3o e ao aperfei\u00e7oamento art\u00edstico e t\u00e9cnico\u201d.<\/p>\n","protected":false},"excerpt":{"rendered":"<p>\u201cSonidos en red &#8211; Mujeres, Audio e Innovaci\u00f3n Cultural\u201d \u00e9 o projeto que prop\u00f5e um treinamento personalizado com Natalia Perelman na Argentina. Natalia \u00e9 uma refer\u00eancia em engenharia de \u00e1udio e resist\u00eancia feminina na Am\u00e9rica Latina. Nesse processo de especializa\u00e7\u00e3o, ela fornecer\u00e1 a Diana Villalobos ferramentas para fortalecer seu conhecimento t\u00e9cnico e, assim, reativar o [&hellip;]<\/p>\n","protected":false},"author":7,"featured_media":21797,"comment_status":"closed","ping_status":"closed","sticky":false,"template":"","format":"standard","meta":{"footnotes":""},"categories":[218],"tags":[],"class_list":["post-21801","post","type-post","status-publish","format-standard","has-post-thumbnail","hentry","category-noticias-generales-pt"],"lang":"pt","translations":{"pt":21801,"es":21796},"pll_sync_post":[],"post_mailing_queue_ids":[],"_links":{"self":[{"href":"http:\/\/staging.ibermusicas.org\/index.php\/wp-json\/wp\/v2\/posts\/21801","targetHints":{"allow":["GET"]}}],"collection":[{"href":"http:\/\/staging.ibermusicas.org\/index.php\/wp-json\/wp\/v2\/posts"}],"about":[{"href":"http:\/\/staging.ibermusicas.org\/index.php\/wp-json\/wp\/v2\/types\/post"}],"author":[{"embeddable":true,"href":"http:\/\/staging.ibermusicas.org\/index.php\/wp-json\/wp\/v2\/users\/7"}],"replies":[{"embeddable":true,"href":"http:\/\/staging.ibermusicas.org\/index.php\/wp-json\/wp\/v2\/comments?post=21801"}],"version-history":[{"count":1,"href":"http:\/\/staging.ibermusicas.org\/index.php\/wp-json\/wp\/v2\/posts\/21801\/revisions"}],"predecessor-version":[{"id":21802,"href":"http:\/\/staging.ibermusicas.org\/index.php\/wp-json\/wp\/v2\/posts\/21801\/revisions\/21802"}],"wp:featuredmedia":[{"embeddable":true,"href":"http:\/\/staging.ibermusicas.org\/index.php\/wp-json\/wp\/v2\/media\/21797"}],"wp:attachment":[{"href":"http:\/\/staging.ibermusicas.org\/index.php\/wp-json\/wp\/v2\/media?parent=21801"}],"wp:term":[{"taxonomy":"category","embeddable":true,"href":"http:\/\/staging.ibermusicas.org\/index.php\/wp-json\/wp\/v2\/categories?post=21801"},{"taxonomy":"post_tag","embeddable":true,"href":"http:\/\/staging.ibermusicas.org\/index.php\/wp-json\/wp\/v2\/tags?post=21801"}],"curies":[{"name":"wp","href":"https:\/\/api.w.org\/{rel}","templated":true}]}}