{"id":21803,"date":"2025-03-13T16:31:26","date_gmt":"2025-03-13T16:31:26","guid":{"rendered":"http:\/\/staging.ibermusicas.org\/?p=21803"},"modified":"2025-03-13T16:31:26","modified_gmt":"2025-03-13T16:31:26","slug":"el-guitarrista-e-investigador-mexicano-jose-luis-segura-maldonado-inicia-su-trabajo-de-investigacion-en-torno-a-las-obras-para-guitarra-de-carlos-chavez","status":"publish","type":"post","link":"http:\/\/staging.ibermusicas.org\/index.php\/el-guitarrista-e-investigador-mexicano-jose-luis-segura-maldonado-inicia-su-trabajo-de-investigacion-en-torno-a-las-obras-para-guitarra-de-carlos-chavez\/","title":{"rendered":"El guitarrista e investigador mexicano Jos\u00e9 Luis Segura Maldonado inicia su trabajo de investigaci\u00f3n en torno a las obras para guitarra de Carlos Ch\u00e1vez"},"content":{"rendered":"<p>\u201cModernismo ind\u00edgena y atonalismo de no repetici\u00f3n en seis cuerdas, hacia una nueva edici\u00f3n cr\u00edtica de la M\u00fasica para guitarra escrita por Carlos Ch\u00e1vez\u201d es el trabajo que procura realizar Jos\u00e9 Luis Segura Maldonado durante su estancia de investigaci\u00f3n en la New York Public Library for the Performing Arts, ubicada en el Lincoln Center. Trabajar\u00e1 sobre los manuscritos de las obras para guitarra de Carlos Ch\u00e1vez, con miras a la realizaci\u00f3n de una edici\u00f3n cr\u00edtica que permita difundir un repertorio poco explorado hasta el momento, adem\u00e1s de la publicaci\u00f3n de un art\u00edculo de fondo en una revista acad\u00e9mica donde se contextualice la creaci\u00f3n y el devenir de esta m\u00fasica.<\/p>\n<p>&nbsp;<\/p>\n<p>A la vez realizar\u00e1 un intercambio acad\u00e9mico con estudiantes y profesores de la Molloy University, mediante el cual contribuir\u00e1 a la formaci\u00f3n de los estudiantes de m\u00fasica de dicha instituci\u00f3n.<\/p>\n<p>&nbsp;<\/p>\n<p>Jos\u00e9 Luis Segura Maldonado es Licenciado en Guitarra y Maestro en Musicolog\u00eda egresado con honores de la Facultad de M\u00fasica de la Universidad Nacional Aut\u00f3noma de M\u00e9xico (UNAM). En 2009 realiz\u00f3 un curso de posgrado en musicolog\u00eda para el rescate y difusi\u00f3n del patrimonio art\u00edstico iberoamericano en la Real Academia de Bellas Artes de San Fernando (RABSFM) y en el Real Conservatorio Superior de M\u00fasica (RCSMM) en Madrid, Espa\u00f1a.<\/p>\n<p>&nbsp;<\/p>\n<p>Ha ofrecido recitales en salas de concierto a lo largo de la Rep\u00fablica Mexicana, as\u00ed como en varios pa\u00edses de Europa, Am\u00e9rica Latina y el Caribe como solista, solista con orquesta, con Nova Musica Guitar Duo, con el Cuarteto de Guitarras de la Ciudad de M\u00e9xico, con el d\u00fao Lux chordarum y con el grupo de rock Fausto.<\/p>\n<p>&nbsp;<\/p>\n<p>Ha participado en m\u00e1s de diez producciones discogr\u00e1ficas para los m\u00e1s prestigiosos sellos de M\u00e9xico, como solista y como parte de las agrupaciones donde colabora; asimismo, ha realizado diversos programas para la radio y televisi\u00f3n cultural de M\u00e9xico y la Uni\u00f3n Europea.<\/p>\n<p>&nbsp;<\/p>\n<p>De 2011 a 2018 fue Coordinador de Investigaci\u00f3n del Centro Nacional de Investigaci\u00f3n, Documentaci\u00f3n e Informaci\u00f3n Musical \u201cCarlos Ch\u00e1vez\u201d (Cenidim) del Instituto Nacional de Bellas Artes y Literatura (INBAL). De 2018 a 2022 fue integrante del Comit\u00e9 Editorial de la Facultad de M\u00fasica de la UNAM. Ha publicado diversos art\u00edculos acad\u00e9micos y de divulgaci\u00f3n, cap\u00edtulos de libro, traducciones, rese\u00f1as y partituras en M\u00e9xico, Cuba, Dinamarca, Espa\u00f1a y Estados Unidos.<\/p>\n<p>&nbsp;<\/p>\n<p>Actualmente estudia el doctorado en Musicolog\u00eda en la Facultad de M\u00fasica de la UNAM, con un proyecto sobre la m\u00fasica para guitarra que se conserva en los manuscritos musicales de la Colecci\u00f3n Sutro de California. Asimismo, se desempe\u00f1a como profesor de tiempo completo en el \u00e1rea de guitarra y como representante del \u00e1rea de Cuerdas ante el Consejo T\u00e9cnico de la misma instituci\u00f3n.<\/p>\n","protected":false},"excerpt":{"rendered":"<p>\u201cModernismo ind\u00edgena y atonalismo de no repetici\u00f3n en seis cuerdas, hacia una nueva edici\u00f3n cr\u00edtica de la M\u00fasica para guitarra escrita por Carlos Ch\u00e1vez\u201d es el trabajo que procura realizar Jos\u00e9 Luis Segura Maldonado durante su estancia de investigaci\u00f3n en la New York Public Library for the Performing Arts, ubicada en el Lincoln Center. Trabajar\u00e1 [&hellip;]<\/p>\n","protected":false},"author":7,"featured_media":21804,"comment_status":"closed","ping_status":"closed","sticky":false,"template":"","format":"standard","meta":{"footnotes":""},"categories":[53],"tags":[],"class_list":["post-21803","post","type-post","status-publish","format-standard","has-post-thumbnail","hentry","category-noticias-generales"],"lang":"es","translations":{"es":21803},"pll_sync_post":[],"post_mailing_queue_ids":[],"_links":{"self":[{"href":"http:\/\/staging.ibermusicas.org\/index.php\/wp-json\/wp\/v2\/posts\/21803","targetHints":{"allow":["GET"]}}],"collection":[{"href":"http:\/\/staging.ibermusicas.org\/index.php\/wp-json\/wp\/v2\/posts"}],"about":[{"href":"http:\/\/staging.ibermusicas.org\/index.php\/wp-json\/wp\/v2\/types\/post"}],"author":[{"embeddable":true,"href":"http:\/\/staging.ibermusicas.org\/index.php\/wp-json\/wp\/v2\/users\/7"}],"replies":[{"embeddable":true,"href":"http:\/\/staging.ibermusicas.org\/index.php\/wp-json\/wp\/v2\/comments?post=21803"}],"version-history":[{"count":1,"href":"http:\/\/staging.ibermusicas.org\/index.php\/wp-json\/wp\/v2\/posts\/21803\/revisions"}],"predecessor-version":[{"id":21805,"href":"http:\/\/staging.ibermusicas.org\/index.php\/wp-json\/wp\/v2\/posts\/21803\/revisions\/21805"}],"wp:featuredmedia":[{"embeddable":true,"href":"http:\/\/staging.ibermusicas.org\/index.php\/wp-json\/wp\/v2\/media\/21804"}],"wp:attachment":[{"href":"http:\/\/staging.ibermusicas.org\/index.php\/wp-json\/wp\/v2\/media?parent=21803"}],"wp:term":[{"taxonomy":"category","embeddable":true,"href":"http:\/\/staging.ibermusicas.org\/index.php\/wp-json\/wp\/v2\/categories?post=21803"},{"taxonomy":"post_tag","embeddable":true,"href":"http:\/\/staging.ibermusicas.org\/index.php\/wp-json\/wp\/v2\/tags?post=21803"}],"curies":[{"name":"wp","href":"https:\/\/api.w.org\/{rel}","templated":true}]}}