{"id":21806,"date":"2025-03-13T16:32:50","date_gmt":"2025-03-13T16:32:50","guid":{"rendered":"http:\/\/staging.ibermusicas.org\/?p=21806"},"modified":"2025-03-13T16:32:50","modified_gmt":"2025-03-13T16:32:50","slug":"o-violonista-e-pesquisador-mexicano-jose-luis-segura-maldonado-inicia-seu-trabalho-de-pesquisa-sobre-as-obras-para-violao-de-carlos-chavez","status":"publish","type":"post","link":"http:\/\/staging.ibermusicas.org\/index.php\/o-violonista-e-pesquisador-mexicano-jose-luis-segura-maldonado-inicia-seu-trabalho-de-pesquisa-sobre-as-obras-para-violao-de-carlos-chavez\/","title":{"rendered":"O violonista e pesquisador mexicano Jos\u00e9 Luis Segura Maldonado inicia seu trabalho de pesquisa sobre as obras para viol\u00e3o de Carlos Ch\u00e1vez"},"content":{"rendered":"<p>\u201cModernismo ind\u00edgena e atonalismo n\u00e3o repetitivo em seis cordas, rumo a uma nova edi\u00e7\u00e3o cr\u00edtica da m\u00fasica para viol\u00e3o escrita por Carlos Ch\u00e1vez\u201d \u00e9 o trabalho que Jos\u00e9 Luis Segura Maldonado pretende realizar durante sua estadia de pesquisa na Biblioteca P\u00fablica de Artes C\u00eanicas de Nova York, localizada no Lincoln Center. Ele trabalhar\u00e1 nos manuscritos das obras para viol\u00e3o de Carlos Ch\u00e1vez, com o objetivo de produzir uma edi\u00e7\u00e3o cr\u00edtica que possibilite a divulga\u00e7\u00e3o de um repert\u00f3rio pouco explorado at\u00e9 o momento, al\u00e9m de publicar um artigo aprofundado em uma revista acad\u00eamica contextualizando a cria\u00e7\u00e3o e o desenvolvimento dessa m\u00fasica.<\/p>\n<p>&nbsp;<\/p>\n<p>Ao mesmo tempo, ele realizar\u00e1 um interc\u00e2mbio acad\u00eamico com alunos e professores da Molloy University, por meio do qual contribuir\u00e1 para a forma\u00e7\u00e3o de estudantes de m\u00fasica nessa institui\u00e7\u00e3o.<\/p>\n<p>&nbsp;<\/p>\n<p>Jos\u00e9 Luis Segura Maldonado \u00e9 bacharel em viol\u00e3o e mestre em musicologia, formado com louvor pela Faculdade de M\u00fasica da Universidade Nacional Aut\u00f4noma do M\u00e9xico (UNAM). Em 2009, concluiu um curso de p\u00f3s-gradua\u00e7\u00e3o em musicologia para o resgate e a divulga\u00e7\u00e3o do patrim\u00f4nio art\u00edstico ibero-americano na Real Academia de Bellas Artes de San Fernando (RABSFM) e no Real Conservat\u00f3rio Superior de M\u00fasica (RCSMM) em Madri, Espanha.<\/p>\n<p>&nbsp;<\/p>\n<p>Realizou recitais em salas de concerto em toda a Rep\u00fablica Mexicana, bem como em v\u00e1rios pa\u00edses da Europa, Am\u00e9rica Latina e Caribe como solista, solista com orquestra, com o Nova Musica Guitar Duo, com o Mexico City Guitar Quartet, com o duo Lux chordarum e com o grupo de rock Fausto.<\/p>\n<p>&nbsp;<\/p>\n<p>Participou de mais de dez produ\u00e7\u00f5es discogr\u00e1ficas para as gravadoras de maior prest\u00edgio no M\u00e9xico, como solista e como parte dos grupos em que colabora; tamb\u00e9m realizou v\u00e1rios programas para r\u00e1dio e televis\u00e3o cultural no M\u00e9xico e na Uni\u00e3o Europeia.<\/p>\n<p>&nbsp;<\/p>\n<p>De 2011 a 2018, foi coordenador de pesquisa do Centro Nacional de Pesquisa, Documenta\u00e7\u00e3o e Informa\u00e7\u00e3o Musical \u201cCarlos Ch\u00e1vez\u201d (Cenidim) do Instituto Nacional de Belas Artes e Literatura (INBAL). De 2018 a 2022, foi membro do Comit\u00ea Editorial da Faculdade de M\u00fasica da UNAM. Publicou v\u00e1rios artigos acad\u00eamicos e populares, cap\u00edtulos de livros, tradu\u00e7\u00f5es, resenhas e partituras no M\u00e9xico, Cuba, Dinamarca, Espanha e Estados Unidos.<\/p>\n<p>&nbsp;<\/p>\n<p>Atualmente, est\u00e1 cursando o doutorado em Musicologia na Faculdade de M\u00fasica da UNAM, com um projeto sobre a m\u00fasica para viol\u00e3o preservada nos manuscritos musicais da Cole\u00e7\u00e3o Sutro, na Calif\u00f3rnia. Atua tamb\u00e9m como professor em tempo integral na \u00e1rea de viol\u00e3o e como representante da \u00e1rea de cordas junto ao Conselho T\u00e9cnico da mesma institui\u00e7\u00e3o.<\/p>\n","protected":false},"excerpt":{"rendered":"<p>\u201cModernismo ind\u00edgena e atonalismo n\u00e3o repetitivo em seis cordas, rumo a uma nova edi\u00e7\u00e3o cr\u00edtica da m\u00fasica para viol\u00e3o escrita por Carlos Ch\u00e1vez\u201d \u00e9 o trabalho que Jos\u00e9 Luis Segura Maldonado pretende realizar durante sua estadia de pesquisa na Biblioteca P\u00fablica de Artes C\u00eanicas de Nova York, localizada no Lincoln Center. Ele trabalhar\u00e1 nos manuscritos [&hellip;]<\/p>\n","protected":false},"author":7,"featured_media":21804,"comment_status":"closed","ping_status":"closed","sticky":false,"template":"","format":"standard","meta":{"footnotes":""},"categories":[218],"tags":[],"class_list":["post-21806","post","type-post","status-publish","format-standard","has-post-thumbnail","hentry","category-noticias-generales-pt"],"lang":"pt","translations":{"pt":21806},"pll_sync_post":[],"post_mailing_queue_ids":[],"_links":{"self":[{"href":"http:\/\/staging.ibermusicas.org\/index.php\/wp-json\/wp\/v2\/posts\/21806","targetHints":{"allow":["GET"]}}],"collection":[{"href":"http:\/\/staging.ibermusicas.org\/index.php\/wp-json\/wp\/v2\/posts"}],"about":[{"href":"http:\/\/staging.ibermusicas.org\/index.php\/wp-json\/wp\/v2\/types\/post"}],"author":[{"embeddable":true,"href":"http:\/\/staging.ibermusicas.org\/index.php\/wp-json\/wp\/v2\/users\/7"}],"replies":[{"embeddable":true,"href":"http:\/\/staging.ibermusicas.org\/index.php\/wp-json\/wp\/v2\/comments?post=21806"}],"version-history":[{"count":1,"href":"http:\/\/staging.ibermusicas.org\/index.php\/wp-json\/wp\/v2\/posts\/21806\/revisions"}],"predecessor-version":[{"id":21807,"href":"http:\/\/staging.ibermusicas.org\/index.php\/wp-json\/wp\/v2\/posts\/21806\/revisions\/21807"}],"wp:featuredmedia":[{"embeddable":true,"href":"http:\/\/staging.ibermusicas.org\/index.php\/wp-json\/wp\/v2\/media\/21804"}],"wp:attachment":[{"href":"http:\/\/staging.ibermusicas.org\/index.php\/wp-json\/wp\/v2\/media?parent=21806"}],"wp:term":[{"taxonomy":"category","embeddable":true,"href":"http:\/\/staging.ibermusicas.org\/index.php\/wp-json\/wp\/v2\/categories?post=21806"},{"taxonomy":"post_tag","embeddable":true,"href":"http:\/\/staging.ibermusicas.org\/index.php\/wp-json\/wp\/v2\/tags?post=21806"}],"curies":[{"name":"wp","href":"https:\/\/api.w.org\/{rel}","templated":true}]}}