{"id":21924,"date":"2025-03-27T14:12:24","date_gmt":"2025-03-27T14:12:24","guid":{"rendered":"http:\/\/staging.ibermusicas.org\/?p=21924"},"modified":"2025-04-28T18:27:12","modified_gmt":"2025-04-28T18:27:12","slug":"a-artista-portuguesa-reina-del-mar-esta-desenvolvendo-sua-residencia-de-criacao-sonora-em-casa-liquida-sao-paulo-brasil","status":"publish","type":"post","link":"http:\/\/staging.ibermusicas.org\/index.php\/a-artista-portuguesa-reina-del-mar-esta-desenvolvendo-sua-residencia-de-criacao-sonora-em-casa-liquida-sao-paulo-brasil\/","title":{"rendered":"A artista portuguesa Reina del Mar est\u00e1 desenvolvendo sua resid\u00eancia de cria\u00e7\u00e3o sonora em Casa L\u00edquida, S\u00e3o Paulo, Brasil"},"content":{"rendered":"<p>O Instituto Casa L\u00edquida, localizado em S\u00e3o Paulo, est\u00e1 recebendo durante mar\u00e7o e abril, a artista portuguesa Reina Del Mar, para uma resid\u00eancia de cria\u00e7\u00e3o sonora. Em sua primeira vinda ao Brasil a artista ir\u00e1 desenvolver uma faixa sonora in\u00e9dita.<\/p>\n<p>&nbsp;<\/p>\n<p>A proposta \u00e9 que, esta faixa in\u00e9dita, produzida com o apoio do Est\u00fadio Sem Piscina, um dos suportes dispon\u00edveis na Casa L\u00edquida, seja criada a partir de sobreposi\u00e7\u00f5es de \u00e1udios-manifestos, vozes de intelig\u00eancia artificial, de capta\u00e7\u00f5es feitas em espa\u00e7os urbanos, entre outros.<\/p>\n<p>&nbsp;<\/p>\n<p>Segundo Reina Del Mar, a pesquisa curatorial\u00a0 intitulada \u201cVade M\u00e9cum para afundar e ficar \u00e0 tona de \u00e1gua\u201d, reflete sobre a t\u00eanue linha que atravessa sentimentos e ideias da vida contempor\u00e2nea, entre o estar em controlo (flutuar, ficar \u00e0 tona) e o ser controlado\/manipulado (mergulhar, afundar).<\/p>\n<p>&nbsp;<\/p>\n<p>Reina Del Mar \u00e9 exploradora de pr\u00e1ticas de hackeamento cultural\u00a0 atrav\u00e9s da curadoria, programa\u00e7\u00e3o cultural e sonoplastia, remix e produ\u00e7\u00e3o sonora. A artista tamb\u00e9m \u00e9 membro fundadora do coletivo transfeminista PEDREIRA (Porto), al\u00e9m de colaboradora, desde 2021, na curadoria musical do Festival Tremor (A\u00e7ores) e do projecto art\u00edstico em stand(s) automoveis STAND PROJECT (Lisboa).<\/p>\n<p>&nbsp;<\/p>\n<p>Com dez anos de atividades em S\u00e3o Paulo, a Casa L\u00edquida \u00e9 um local de conflu\u00eancias art\u00edsticas, cria\u00e7\u00e3o e pesquisa. Sua estrutura conta com quartos de resid\u00eancia, ateli\u00eas de artes visuais, sala de ensaio\/dan\u00e7a, al\u00e9m do est\u00fadio de produ\u00e7\u00e3o fonogr\u00e1fica, o Est\u00fadio Sem Piscina. Por ela j\u00e1 circularam mais 3 mil artistas de \u00e1reas diversas como m\u00fasica, dan\u00e7a, performance, dramaturgia, teatro e artes visuais, que desenvolveram pesquisas, mostras, criaram espet\u00e1culos, ensaios fotogr\u00e1ficos, \u00e1lbuns musicais, filmes, entre outros projetos.<\/p>\n<p>Essa proposta foi a vencedora da chamada do Iberm\u00fasicas 2024 na linha \u201cApoio a institui\u00e7\u00f5es para resid\u00eancias\u201d<strong>.<\/strong><\/p>\n<p>&nbsp;<\/p>\n<ul>\n<li>Do dia 27 de fevereiro at\u00e9 5 de abril de 2025, conforme anexo de passagens a\u00e9reas.<\/li>\n<\/ul>\n","protected":false},"excerpt":{"rendered":"<p>O Instituto Casa L\u00edquida, localizado em S\u00e3o Paulo, est\u00e1 recebendo durante mar\u00e7o e abril, a artista portuguesa Reina Del Mar, para uma resid\u00eancia de cria\u00e7\u00e3o sonora. Em sua primeira vinda ao Brasil a artista ir\u00e1 desenvolver uma faixa sonora in\u00e9dita. &nbsp; A proposta \u00e9 que, esta faixa in\u00e9dita, produzida com o apoio do Est\u00fadio Sem [&hellip;]<\/p>\n","protected":false},"author":7,"featured_media":21922,"comment_status":"closed","ping_status":"closed","sticky":false,"template":"","format":"standard","meta":{"footnotes":""},"categories":[218],"tags":[],"class_list":["post-21924","post","type-post","status-publish","format-standard","has-post-thumbnail","hentry","category-noticias-generales-pt"],"lang":"pt","translations":{"pt":21924},"pll_sync_post":[],"post_mailing_queue_ids":[],"_links":{"self":[{"href":"http:\/\/staging.ibermusicas.org\/index.php\/wp-json\/wp\/v2\/posts\/21924","targetHints":{"allow":["GET"]}}],"collection":[{"href":"http:\/\/staging.ibermusicas.org\/index.php\/wp-json\/wp\/v2\/posts"}],"about":[{"href":"http:\/\/staging.ibermusicas.org\/index.php\/wp-json\/wp\/v2\/types\/post"}],"author":[{"embeddable":true,"href":"http:\/\/staging.ibermusicas.org\/index.php\/wp-json\/wp\/v2\/users\/7"}],"replies":[{"embeddable":true,"href":"http:\/\/staging.ibermusicas.org\/index.php\/wp-json\/wp\/v2\/comments?post=21924"}],"version-history":[{"count":1,"href":"http:\/\/staging.ibermusicas.org\/index.php\/wp-json\/wp\/v2\/posts\/21924\/revisions"}],"predecessor-version":[{"id":21925,"href":"http:\/\/staging.ibermusicas.org\/index.php\/wp-json\/wp\/v2\/posts\/21924\/revisions\/21925"}],"wp:featuredmedia":[{"embeddable":true,"href":"http:\/\/staging.ibermusicas.org\/index.php\/wp-json\/wp\/v2\/media\/21922"}],"wp:attachment":[{"href":"http:\/\/staging.ibermusicas.org\/index.php\/wp-json\/wp\/v2\/media?parent=21924"}],"wp:term":[{"taxonomy":"category","embeddable":true,"href":"http:\/\/staging.ibermusicas.org\/index.php\/wp-json\/wp\/v2\/categories?post=21924"},{"taxonomy":"post_tag","embeddable":true,"href":"http:\/\/staging.ibermusicas.org\/index.php\/wp-json\/wp\/v2\/tags?post=21924"}],"curies":[{"name":"wp","href":"https:\/\/api.w.org\/{rel}","templated":true}]}}