{"id":21926,"date":"2025-03-27T14:37:49","date_gmt":"2025-03-27T14:37:49","guid":{"rendered":"http:\/\/staging.ibermusicas.org\/?p=21926"},"modified":"2025-04-28T17:58:57","modified_gmt":"2025-04-28T17:58:57","slug":"el-grupo-portugues-de-madeira-bossa-livre-estara-de-gira-por-el-sur-de-brasil","status":"publish","type":"post","link":"http:\/\/staging.ibermusicas.org\/index.php\/el-grupo-portugues-de-madeira-bossa-livre-estara-de-gira-por-el-sur-de-brasil\/","title":{"rendered":"El grupo portugu\u00e9s de Madeira \u201cBossa Livre\u201d estar\u00e1 de gira por el sur de Brasil"},"content":{"rendered":"<p>Con el objetivo de acercar culturalmente Europa y Am\u00e9rica, se celebrar\u00e1n conciertos de \u00abBossa livre\u00bb, un grupo formado por reconocidos m\u00fasicos de Madeira de estilos y \u00e1reas musicales diferentes, desde la bossa nova a la m\u00fasica cl\u00e1sica y desde el jazz a la m\u00fasica electr\u00f3nica. Este proyecto naci\u00f3 con el objetivo de crear un entorno musical centrado en la b\u00fasqueda de un terreno com\u00fan que incluya diferentes realidades musicales, libre de cualquier tipo de norma o imposici\u00f3n, donde los m\u00fasicos aporten sus habilidades para crear una rica diversidad de herramientas musicales.<\/p>\n<p>&nbsp;<\/p>\n<p>Este encuentro se celebrar\u00e1 en colaboraci\u00f3n con instituciones brasile\u00f1as de Mato Grosso do Sul, como el Instituto Moinho Cultural Sul Americano y Cravo Produ\u00e7\u00f5es, organizadores del Festival de Jazz de Campo Grande.<\/p>\n<p>&nbsp;<\/p>\n<p>El proyecto pretende establecer un intercambio art\u00edstico iberoamericano. El equipo organizar\u00e1 sesiones de formaci\u00f3n dirigidas a alumnos de proyectos sociales y de ense\u00f1anza de instrumentos de Mato Grosso do Sul. Adem\u00e1s de los conciertos y las sesiones de formaci\u00f3n para los m\u00fasicos de \u00abBossa livre\u00bb, est\u00e1 prevista una colaboraci\u00f3n art\u00edstica con el grupo de jazz \u201cEl Tr\u00edo\u201d de Campo Grande y un concierto de Norberto Cruz, m\u00fasico formado en Italia en mandolina y especializado en m\u00fasica barroca, con la Orquesta de C\u00e1mara del Pantanal. Tambi\u00e9n ser\u00e1 una preparaci\u00f3n para una repetici\u00f3n en la isla de Madeira (Portugal) en 2025, con una circulaci\u00f3n del Instituto Moinho Cultural Sul Americano y el m\u00fasico madeirense en territorio portugu\u00e9s.<\/p>\n<p>&nbsp;<\/p>\n<p>Este proyecto fue el ganador de la convocatoria 2024 del Programa Iberm\u00fasicas en la l\u00ednea \u201cAyuda a la circulaci\u00f3n de profesionales de la m\u00fasica\u201d.<\/p>\n<p>&nbsp;<\/p>\n<p>&nbsp;<\/p>\n<ul>\n<li>3, 4 y 5 de abril: Instituto Moinho Cultural Sul Americano, Corumb\u00e1, Mato Grosso do Sul, Brasil<\/li>\n<li>17, 18 de abril: Festival de Jazz de Campo Grande, Mato Grosso do Sul, Brasil<\/li>\n<\/ul>\n","protected":false},"excerpt":{"rendered":"<p>Con el objetivo de acercar culturalmente Europa y Am\u00e9rica, se celebrar\u00e1n conciertos de \u00abBossa livre\u00bb, un grupo formado por reconocidos m\u00fasicos de Madeira de estilos y \u00e1reas musicales diferentes, desde la bossa nova a la m\u00fasica cl\u00e1sica y desde el jazz a la m\u00fasica electr\u00f3nica. Este proyecto naci\u00f3 con el objetivo de crear un entorno [&hellip;]<\/p>\n","protected":false},"author":7,"featured_media":21927,"comment_status":"closed","ping_status":"closed","sticky":false,"template":"","format":"standard","meta":{"footnotes":""},"categories":[53],"tags":[],"class_list":["post-21926","post","type-post","status-publish","format-standard","has-post-thumbnail","hentry","category-noticias-generales"],"lang":"es","translations":{"es":21926},"pll_sync_post":[],"post_mailing_queue_ids":[],"_links":{"self":[{"href":"http:\/\/staging.ibermusicas.org\/index.php\/wp-json\/wp\/v2\/posts\/21926","targetHints":{"allow":["GET"]}}],"collection":[{"href":"http:\/\/staging.ibermusicas.org\/index.php\/wp-json\/wp\/v2\/posts"}],"about":[{"href":"http:\/\/staging.ibermusicas.org\/index.php\/wp-json\/wp\/v2\/types\/post"}],"author":[{"embeddable":true,"href":"http:\/\/staging.ibermusicas.org\/index.php\/wp-json\/wp\/v2\/users\/7"}],"replies":[{"embeddable":true,"href":"http:\/\/staging.ibermusicas.org\/index.php\/wp-json\/wp\/v2\/comments?post=21926"}],"version-history":[{"count":1,"href":"http:\/\/staging.ibermusicas.org\/index.php\/wp-json\/wp\/v2\/posts\/21926\/revisions"}],"predecessor-version":[{"id":21928,"href":"http:\/\/staging.ibermusicas.org\/index.php\/wp-json\/wp\/v2\/posts\/21926\/revisions\/21928"}],"wp:featuredmedia":[{"embeddable":true,"href":"http:\/\/staging.ibermusicas.org\/index.php\/wp-json\/wp\/v2\/media\/21927"}],"wp:attachment":[{"href":"http:\/\/staging.ibermusicas.org\/index.php\/wp-json\/wp\/v2\/media?parent=21926"}],"wp:term":[{"taxonomy":"category","embeddable":true,"href":"http:\/\/staging.ibermusicas.org\/index.php\/wp-json\/wp\/v2\/categories?post=21926"},{"taxonomy":"post_tag","embeddable":true,"href":"http:\/\/staging.ibermusicas.org\/index.php\/wp-json\/wp\/v2\/tags?post=21926"}],"curies":[{"name":"wp","href":"https:\/\/api.w.org\/{rel}","templated":true}]}}