{"id":21929,"date":"2025-03-27T14:39:51","date_gmt":"2025-03-27T14:39:51","guid":{"rendered":"http:\/\/staging.ibermusicas.org\/?p=21929"},"modified":"2025-04-28T18:27:06","modified_gmt":"2025-04-28T18:27:06","slug":"a-agrupacao-portuguesa-madeirense-bossa-livre-fara-uma-turne-pelo-sul-de-brasil","status":"publish","type":"post","link":"http:\/\/staging.ibermusicas.org\/index.php\/a-agrupacao-portuguesa-madeirense-bossa-livre-fara-uma-turne-pelo-sul-de-brasil\/","title":{"rendered":"A agrupa\u00e7\u00e3o portuguesa madeirense \u201cBossa Livre\u201d far\u00e1 uma turn\u00ea pelo sul de Brasil"},"content":{"rendered":"<p>Com o intuito da aproxima\u00e7\u00e3o cultural entre a Europa e a Am\u00e9rica, ser\u00e3o realizados os concertos do projeto \u00abBossa livre\u00bb, grupo composto por reconhecidos m\u00fasicos madeirenses de estilos e \u00e1reas completamente contrastantes da m\u00fasica, desde a bossa nova a m\u00fasica cl\u00e1ssica e do jazz \u00e0 m\u00fasica eletr\u00f3nica. Este projeto nasceu no sentido de criar um ambiente musical focado no encontrar um terreno comum e inclusivo de diferentes realidades musicais, livre de qualquer tipo de regra ou imposi\u00e7\u00e3o, onde os m\u00fasicos contribuem com suas compet\u00eancias na cria\u00e7\u00e3o de uma rica diversidade de ferramentas musicais.<\/p>\n<p>&nbsp;<\/p>\n<p>Este encontro ser\u00e1 realizado em parceria com as institui\u00e7\u00f5es brasileiras do Mato Grosso do Sul como o Instituto Moinho Cultural Sul Americano e a Cravo Produ\u00e7\u00f5es, organizadora do Campo Grande Jazz Festival,<\/p>\n<p>&nbsp;<\/p>\n<p>O projeto visa estabelecer um interc\u00e2mbio art\u00edstico ibero-americano. Ser\u00e3o feitas a\u00e7\u00f5es formativas pela equipa, sendo estas direcionadas aos alunos dos Projetos Sociais e de ensino de instrumentos no Mato Grosso do Sul. \u00c9 previsto al\u00e9m dos concertos e forma\u00e7\u00f5es dos m\u00fasicos do \u00abBossa livre\u00bb, uma colabora\u00e7\u00e3o art\u00edstica com o grupo de jazz \u00abEl Trio\u00bb de Campo Grande e o concerto de Norberto Cruz, m\u00fasico formado na it\u00e1lia no bandolim e que se especializou na m\u00fasica barroca, com a Orquestra de C\u00e2mara do Pantanal. Ser\u00e1 tamb\u00e9m uma prepara\u00e7\u00e3o para uma reposi\u00e7\u00e3o na ilha da Madeira (Portugal) em 2025, com uma circula\u00e7\u00e3o do Instituto Moinho Cultural Sul Americano e o m\u00fasico madeirense em territ\u00f3rio Portugu\u00eas.<\/p>\n<p>&nbsp;<\/p>\n<p>O presente projeto foi vencedor da chamada 2024 do Programa Iberm\u00fasicas na linha de \u201cApoio \u00e0 circula\u00e7\u00e3o de profissionais da m\u00fasica\u201d.<\/p>\n<p>&nbsp;<\/p>\n<ul>\n<li>3, 4 e 5 de abril: Instituto Moinho Cultural Sul Americano, Corumb\u00e1, Mato Grosso do Sul, Brasil<\/li>\n<li>17, 18 de abril: Campo Grande Jazz Festival, Mato Grosso do Sul, Brasil<\/li>\n<\/ul>\n","protected":false},"excerpt":{"rendered":"<p>Com o intuito da aproxima\u00e7\u00e3o cultural entre a Europa e a Am\u00e9rica, ser\u00e3o realizados os concertos do projeto \u00abBossa livre\u00bb, grupo composto por reconhecidos m\u00fasicos madeirenses de estilos e \u00e1reas completamente contrastantes da m\u00fasica, desde a bossa nova a m\u00fasica cl\u00e1ssica e do jazz \u00e0 m\u00fasica eletr\u00f3nica. Este projeto nasceu no sentido de criar um [&hellip;]<\/p>\n","protected":false},"author":7,"featured_media":21927,"comment_status":"closed","ping_status":"closed","sticky":false,"template":"","format":"standard","meta":{"footnotes":""},"categories":[218],"tags":[],"class_list":["post-21929","post","type-post","status-publish","format-standard","has-post-thumbnail","hentry","category-noticias-generales-pt"],"lang":"pt","translations":{"pt":21929},"pll_sync_post":[],"post_mailing_queue_ids":[],"_links":{"self":[{"href":"http:\/\/staging.ibermusicas.org\/index.php\/wp-json\/wp\/v2\/posts\/21929","targetHints":{"allow":["GET"]}}],"collection":[{"href":"http:\/\/staging.ibermusicas.org\/index.php\/wp-json\/wp\/v2\/posts"}],"about":[{"href":"http:\/\/staging.ibermusicas.org\/index.php\/wp-json\/wp\/v2\/types\/post"}],"author":[{"embeddable":true,"href":"http:\/\/staging.ibermusicas.org\/index.php\/wp-json\/wp\/v2\/users\/7"}],"replies":[{"embeddable":true,"href":"http:\/\/staging.ibermusicas.org\/index.php\/wp-json\/wp\/v2\/comments?post=21929"}],"version-history":[{"count":1,"href":"http:\/\/staging.ibermusicas.org\/index.php\/wp-json\/wp\/v2\/posts\/21929\/revisions"}],"predecessor-version":[{"id":21930,"href":"http:\/\/staging.ibermusicas.org\/index.php\/wp-json\/wp\/v2\/posts\/21929\/revisions\/21930"}],"wp:featuredmedia":[{"embeddable":true,"href":"http:\/\/staging.ibermusicas.org\/index.php\/wp-json\/wp\/v2\/media\/21927"}],"wp:attachment":[{"href":"http:\/\/staging.ibermusicas.org\/index.php\/wp-json\/wp\/v2\/media?parent=21929"}],"wp:term":[{"taxonomy":"category","embeddable":true,"href":"http:\/\/staging.ibermusicas.org\/index.php\/wp-json\/wp\/v2\/categories?post=21929"},{"taxonomy":"post_tag","embeddable":true,"href":"http:\/\/staging.ibermusicas.org\/index.php\/wp-json\/wp\/v2\/tags?post=21929"}],"curies":[{"name":"wp","href":"https:\/\/api.w.org\/{rel}","templated":true}]}}