{"id":21933,"date":"2025-03-27T17:38:26","date_gmt":"2025-03-27T17:38:26","guid":{"rendered":"http:\/\/staging.ibermusicas.org\/?p=21933"},"modified":"2025-03-27T17:38:26","modified_gmt":"2025-03-27T17:38:26","slug":"llega-que-suene-la-rebelion-queer-resistencias-musicales-lgbti-en-america-latina-lanzamiento-y-ponencia-de-luis-gabriel-mesa-martinez-colombia","status":"publish","type":"post","link":"http:\/\/staging.ibermusicas.org\/index.php\/llega-que-suene-la-rebelion-queer-resistencias-musicales-lgbti-en-america-latina-lanzamiento-y-ponencia-de-luis-gabriel-mesa-martinez-colombia\/","title":{"rendered":"Llega \u00a1Que suene la rebeli\u00f3n queer! Resistencias musicales LGBTI en Am\u00e9rica Latina, lanzamiento y ponencia de Luis Gabriel Mesa Mart\u00ednez (Colombia)"},"content":{"rendered":"<p>Como investigador principal del proyecto \u201c\u00a1Que suene la rebeli\u00f3n queer! Resistencias musicales LGBTI en Am\u00e9rica Latina\u201d (realizado en coautor\u00eda con la Dra. Fiorella Montero-D\u00edaz), el music\u00f3logo colombiano Luis Gabriel Mesa Mart\u00ednez presentar\u00e1 en Espa\u00f1a un documental y realizar\u00e1 ponencias sobre su investigaci\u00f3n.<\/p>\n<p>&nbsp;<\/p>\n<p>Esta investigaci\u00f3n integr\u00f3 testimonios de diferentes artistas LGBTI+ de Colombia y Per\u00fa, en torno al uso de la m\u00fasica como veh\u00edculo de expresi\u00f3n y resiliencia ante los alarmantes \u00edndices de violencia en Latinoam\u00e9rica. De ella result\u00f3 un cortometraje que expone diferentes ejes de discusi\u00f3n, con un enfoque interseccional que se concentra en la m\u00fasica como respuesta a la discriminaci\u00f3n por g\u00e9nero, racismo y clasismo. Esta propuesta se articula con las invitaciones de la Escuela Superior de M\u00fasica (Catalu\u00f1a) y la Universidad Complutense (Madrid), para socializar el cortometraje en primicia y sostener conversatorios de reflexi\u00f3n con poblaci\u00f3n acad\u00e9mica y colectivos LGBTI+.<\/p>\n<p>&nbsp;<\/p>\n<p>En el contexto de pa\u00edses latinoamericanos, se han fortalecido m\u00faltiples campa\u00f1as anti-derechos concentradas en atacar una supuesta \u201cagenda gay\u201d o la mal denominada \u201cideolog\u00eda de g\u00e9nero\u201d, encontrando respaldo en gobiernos conservadores, a su vez apoyados por movimientos religiosos fundamentalistas que perpet\u00faan la marginaci\u00f3n contra la comunidad LGBTI+. Esta vulneraci\u00f3n de los derechos igualitarios constituye uno de los ejes centrales que hicieron de este proyecto un ejercicio investigativo de suma importancia y urgencia para profundizar en el papel de la m\u00fasica como herramienta de lucha y transformaci\u00f3n.<\/p>\n<p>&nbsp;<\/p>\n<p>En 2020 naci\u00f3 el proyecto \u00ab\u00a1Que suene la rebeli\u00f3n queer!: Resistencias musicales LGBTI+ en Am\u00e9rica Latina\u00bb, que convoc\u00f3 a personas del \u00e1mbito de la m\u00fasica, el activismo y la investigaci\u00f3n musical, en un di\u00e1logo transdisciplinar con la antropolog\u00eda, sociolog\u00eda, psicolog\u00eda, salud colectiva, ciencias jur\u00eddicas, artes visuales y artes esc\u00e9nicas, para discutir respuestas a la violencia contra la comunidad LGBTI+ en pa\u00edses de Latinoam\u00e9rica. Bajo el liderazgo de Luis Gabriel Mesa Mart\u00ednez y Fiorella Montero-D\u00edaz, el proyect\u00f3 se materializ\u00f3, en julio de 2022, en dos encuentros internacionales que tuvieron lugar en la Facultad de Artes de la Pontificia Universidad Javeriana (Bogot\u00e1) y en la Fundaci\u00f3n \u201cTransFormar\u201d (Lima).<\/p>\n<p>&nbsp;<\/p>\n<p>Las actividades propuestas incluyen conversatorios de sensibilizaci\u00f3n sobre el papel de la m\u00fasica como veh\u00edculo de construcci\u00f3n social, en beneficio de personas LGBTI+, y constituyen el inicio de una colaboraci\u00f3n con proyecciones sostenibles para afianzar redes acad\u00e9micas y art\u00edsticas entre las dos instituciones espa\u00f1olas y Luis Gabriel Mesa Mart\u00ednez, como representante de la Pontificia Universidad Javeriana de Bogot\u00e1 (Colombia).<\/p>\n<p>&nbsp;<\/p>\n<p>Luis Gabriel Mesa Mart\u00edne es music\u00f3logo y pianista formado como Bachelor of Arts en Macalester College (Minnesota) y como Doctor en Historia y Ciencias de la M\u00fasica en la Universidad de Granada (Espa\u00f1a). Su producci\u00f3n discogr\u00e1fica incluye seis \u00e1lbumes de m\u00fasica latinoamericana para piano y ensambles de c\u00e1mara, con un \u00e9nfasis particular en la difusi\u00f3n de compositores del suroccidente colombiano. Ha coproducido cuatro documentales audiovisuales y ha publicado libros sobre compositores de Nari\u00f1o (Colombia), enfoc\u00e1ndose en discusiones sobre identidad, g\u00e9nero y transnacionalidad.<\/p>\n<p>&nbsp;<\/p>\n<p>Su pr\u00f3ximo libro, titulado Plinio Herrera: ecos de una bandola nari\u00f1ense, se lanzar\u00e1 en abril de 2025, bajo el sello de Editorial Javeriana. Dirigi\u00f3 el programa de Maestr\u00eda en M\u00fasica de la Pontificia Universidad Javeriana (Colombia) entre 2016 y 2024, donde labora como profesor asociado y coordina el \u00e1rea de musicolog\u00eda, as\u00ed como las funciones de internacionalizaci\u00f3n para la Facultad de Artes.<\/p>\n<p>&nbsp;<\/p>\n<p>Este proyecto es posible gracias al apoyo del Programa Iberm\u00fasicas mediante su l\u00ednea de \u201cAyuda a la circulaci\u00f3n de profesionales de la m\u00fasica\u201d, convocatoria 2024.<\/p>\n<p>&nbsp;<\/p>\n<ul>\n<li>4 de abril: Gender Sounds, ESMUC (Escola Superior de M\u00fasica de Catalunya), Barcelona, Espa\u00f1a<\/li>\n<li>8 de abril: Ciclo de conferencias de la Facultad de Geograf\u00eda e Historia, Universidad Complutense de Madrid, Espa\u00f1a<\/li>\n<\/ul>\n","protected":false},"excerpt":{"rendered":"<p>Como investigador principal del proyecto \u201c\u00a1Que suene la rebeli\u00f3n queer! Resistencias musicales LGBTI en Am\u00e9rica Latina\u201d (realizado en coautor\u00eda con la Dra. Fiorella Montero-D\u00edaz), el music\u00f3logo colombiano Luis Gabriel Mesa Mart\u00ednez presentar\u00e1 en Espa\u00f1a un documental y realizar\u00e1 ponencias sobre su investigaci\u00f3n. &nbsp; Esta investigaci\u00f3n integr\u00f3 testimonios de diferentes artistas LGBTI+ de Colombia y Per\u00fa, [&hellip;]<\/p>\n","protected":false},"author":7,"featured_media":21934,"comment_status":"closed","ping_status":"closed","sticky":false,"template":"","format":"standard","meta":{"footnotes":""},"categories":[53],"tags":[],"class_list":["post-21933","post","type-post","status-publish","format-standard","has-post-thumbnail","hentry","category-noticias-generales"],"lang":"es","translations":{"es":21933},"pll_sync_post":[],"post_mailing_queue_ids":[],"_links":{"self":[{"href":"http:\/\/staging.ibermusicas.org\/index.php\/wp-json\/wp\/v2\/posts\/21933","targetHints":{"allow":["GET"]}}],"collection":[{"href":"http:\/\/staging.ibermusicas.org\/index.php\/wp-json\/wp\/v2\/posts"}],"about":[{"href":"http:\/\/staging.ibermusicas.org\/index.php\/wp-json\/wp\/v2\/types\/post"}],"author":[{"embeddable":true,"href":"http:\/\/staging.ibermusicas.org\/index.php\/wp-json\/wp\/v2\/users\/7"}],"replies":[{"embeddable":true,"href":"http:\/\/staging.ibermusicas.org\/index.php\/wp-json\/wp\/v2\/comments?post=21933"}],"version-history":[{"count":1,"href":"http:\/\/staging.ibermusicas.org\/index.php\/wp-json\/wp\/v2\/posts\/21933\/revisions"}],"predecessor-version":[{"id":21935,"href":"http:\/\/staging.ibermusicas.org\/index.php\/wp-json\/wp\/v2\/posts\/21933\/revisions\/21935"}],"wp:featuredmedia":[{"embeddable":true,"href":"http:\/\/staging.ibermusicas.org\/index.php\/wp-json\/wp\/v2\/media\/21934"}],"wp:attachment":[{"href":"http:\/\/staging.ibermusicas.org\/index.php\/wp-json\/wp\/v2\/media?parent=21933"}],"wp:term":[{"taxonomy":"category","embeddable":true,"href":"http:\/\/staging.ibermusicas.org\/index.php\/wp-json\/wp\/v2\/categories?post=21933"},{"taxonomy":"post_tag","embeddable":true,"href":"http:\/\/staging.ibermusicas.org\/index.php\/wp-json\/wp\/v2\/tags?post=21933"}],"curies":[{"name":"wp","href":"https:\/\/api.w.org\/{rel}","templated":true}]}}