{"id":21936,"date":"2025-03-27T17:39:54","date_gmt":"2025-03-27T17:39:54","guid":{"rendered":"http:\/\/staging.ibermusicas.org\/?p=21936"},"modified":"2025-03-27T17:39:54","modified_gmt":"2025-03-27T17:39:54","slug":"chega-que-suene-la-rebelion-queer-deixe-a-rebeliao-queer-soar-resistencias-musicais-lgbti-na-america-latina-lancamento-e-apresentacao-de-luis-gabriel-mesa-martinez-colombia","status":"publish","type":"post","link":"http:\/\/staging.ibermusicas.org\/index.php\/chega-que-suene-la-rebelion-queer-deixe-a-rebeliao-queer-soar-resistencias-musicais-lgbti-na-america-latina-lancamento-e-apresentacao-de-luis-gabriel-mesa-martinez-colombia\/","title":{"rendered":"Chega: \u00a1Que suene la rebeli\u00f3n queer! (Deixe a rebeli\u00e3o queer soar!) Resist\u00eancias musicais LGBTI na Am\u00e9rica Latina, lan\u00e7amento e apresenta\u00e7\u00e3o de Luis Gabriel Mesa Mart\u00ednez (Col\u00f4mbia)"},"content":{"rendered":"<p>Como pesquisador principal do projeto \u201cDeixe a rebeli\u00e3o queer soar! Resist\u00eancias musicais LGBTI na Am\u00e9rica Latina\u201d (em coautoria com a Dra. Fiorella Montero-D\u00edaz), o music\u00f3logo colombiano Luis Gabriel Mesa Mart\u00ednez apresentar\u00e1 um document\u00e1rio e far\u00e1 apresenta\u00e7\u00f5es sobre sua pesquisa na Espanha.<\/p>\n<p>&nbsp;<\/p>\n<p>Essa pesquisa integrou depoimentos de diferentes artistas LGBTI+ da Col\u00f4mbia e do Peru sobre o uso da m\u00fasica como ve\u00edculo de express\u00e3o e resili\u00eancia diante dos alarmantes \u00edndices de viol\u00eancia na Am\u00e9rica Latina. O resultado foi uma curta-metragem que exp\u00f5e diferentes eixos de discuss\u00e3o, com uma abordagem interseccional que enfoca a m\u00fasica como uma resposta \u00e0 discrimina\u00e7\u00e3o de g\u00eanero, ao racismo e ao classismo. Esta proposta se articula com os convites da Escuela Superior de M\u00fasica (Catalunha) e da Universidad Complutense (Madri), para socializar a curta-metragem em pr\u00e9-estreia e realizar conversas de reflex\u00e3o com a popula\u00e7\u00e3o acad\u00eamica e coletivos LGBTI+.<\/p>\n<p>&nbsp;<\/p>\n<p>No contexto dos pa\u00edses latino-americanos, v\u00e1rias campanhas anti direitos focadas em atacar uma suposta \u201cagenda gay\u201d ou a mal chamada \u201cideologia de g\u00eanero\u201d foram fortalecidas, encontrando apoio em governos conservadores, por sua vez apoiados por movimentos religiosos fundamentalistas que perpetuam a marginaliza\u00e7\u00e3o da comunidade LGBTI+. Essa viola\u00e7\u00e3o de direitos iguais constitui um dos eixos centrais que tornaram esse projeto um exerc\u00edcio de pesquisa extremamente importante e urgente para aprofundar o papel da m\u00fasica como ferramenta de luta e transforma\u00e7\u00e3o.<\/p>\n<p>&nbsp;<\/p>\n<p>Em 2020, nasceu o projeto \u201cDeixe a rebeli\u00e3o queer soar!: Resist\u00eancias Musicais LGBTI+ na Am\u00e9rica Latina\u201d, que reuniu pessoas das \u00e1reas de m\u00fasica, ativismo e pesquisa musical, em um di\u00e1logo transdisciplinar com antropologia, sociologia, psicologia, sa\u00fade coletiva, ci\u00eancias jur\u00eddicas, artes visuais e artes c\u00eanicas, para discutir respostas \u00e0 viol\u00eancia contra a comunidade LGBTI+ nos pa\u00edses latino-americanos. Sob a lideran\u00e7a de Luis Gabriel Mesa Mart\u00ednez e Fiorella Montero-D\u00edaz, o projeto se materializou, em julho de 2022, em duas reuni\u00f5es internacionais que ocorreram na Faculdade de Artes da Pontif\u00edcia Universidade Javeriana (Bogot\u00e1) e na Funda\u00e7\u00e3o \u201cTransFormar\u201d (Lima).<\/p>\n<p>&nbsp;<\/p>\n<p>As atividades propostas incluem palestras de conscientiza\u00e7\u00e3o sobre o papel da m\u00fasica como ve\u00edculo de constru\u00e7\u00e3o social, em benef\u00edcio das pessoas LGBTI+, e constituem o in\u00edcio de uma colabora\u00e7\u00e3o com proje\u00e7\u00f5es sustent\u00e1veis para fortalecer as redes acad\u00eamicas e art\u00edsticas entre as duas institui\u00e7\u00f5es espanholas e Luis Gabriel Mesa Mart\u00ednez, como representante da Pontificia Universidad Javeriana de Bogot\u00e1 (Col\u00f4mbia).<\/p>\n<p>&nbsp;<\/p>\n<p>Luis Gabriel Mesa Mart\u00ednez \u00e9 music\u00f3logo e pianista, bacharel em Artes pelo Macalester College (Minnesota) e PhD em Hist\u00f3ria e Ci\u00eancia da M\u00fasica pela Universidade de Granada (Espanha). Sua produ\u00e7\u00e3o fonogr\u00e1fica inclui seis \u00e1lbuns de m\u00fasica latino-americana para piano e conjuntos de c\u00e2mara, com \u00eanfase especial na divulga\u00e7\u00e3o de compositores do sudoeste da Col\u00f4mbia. Ele co-produziu quatro document\u00e1rios audiovisuais e publicou livros sobre compositores de Nari\u00f1o (Col\u00f4mbia), com foco em discuss\u00f5es sobre identidade, g\u00eanero e transnacionalidade.<\/p>\n<p>&nbsp;<\/p>\n<p>Seu pr\u00f3ximo livro, intitulado Pl\u00ednio Herrera: ecos de uma bandola nari\u00f1ense, ser\u00e1 lan\u00e7ado em abril de 2025, sob o selo da Editorial Javeriana. Dirigiu o programa de Mestrado em M\u00fasica da Pontificia Universidad Javeriana (Col\u00f4mbia) entre 2016 e 2024, onde trabalha como professor associado e coordena a \u00e1rea de musicologia, bem como as fun\u00e7\u00f5es de internacionaliza\u00e7\u00e3o da Faculdade de Artes.<\/p>\n<p>&nbsp;<\/p>\n<p>Este projeto \u00e9 poss\u00edvel gra\u00e7as ao apoio do Programa Iberm\u00fasicas atrav\u00e9s de sua linha de \u201cAjuda \u00e0 circula\u00e7\u00e3o de profissionais da m\u00fasica\u201d, chamada 2024.<\/p>\n<p>&nbsp;<\/p>\n<ul>\n<li>4 de abril: Gender Sounds, ESMUC (Escola Superior de M\u00fasica da Catalunha), Barcelona, Espanha.<\/li>\n<li>8 de abril: S\u00e9rie de palestras da Faculdade de Geografia e Hist\u00f3ria, Universidade Complutense de Madri, Espanha<\/li>\n<\/ul>\n","protected":false},"excerpt":{"rendered":"<p>Como pesquisador principal do projeto \u201cDeixe a rebeli\u00e3o queer soar! Resist\u00eancias musicais LGBTI na Am\u00e9rica Latina\u201d (em coautoria com a Dra. Fiorella Montero-D\u00edaz), o music\u00f3logo colombiano Luis Gabriel Mesa Mart\u00ednez apresentar\u00e1 um document\u00e1rio e far\u00e1 apresenta\u00e7\u00f5es sobre sua pesquisa na Espanha. &nbsp; Essa pesquisa integrou depoimentos de diferentes artistas LGBTI+ da Col\u00f4mbia e do Peru [&hellip;]<\/p>\n","protected":false},"author":7,"featured_media":21934,"comment_status":"closed","ping_status":"closed","sticky":false,"template":"","format":"standard","meta":{"footnotes":""},"categories":[218],"tags":[],"class_list":["post-21936","post","type-post","status-publish","format-standard","has-post-thumbnail","hentry","category-noticias-generales-pt"],"lang":"pt","translations":{"pt":21936},"pll_sync_post":[],"post_mailing_queue_ids":[],"_links":{"self":[{"href":"http:\/\/staging.ibermusicas.org\/index.php\/wp-json\/wp\/v2\/posts\/21936","targetHints":{"allow":["GET"]}}],"collection":[{"href":"http:\/\/staging.ibermusicas.org\/index.php\/wp-json\/wp\/v2\/posts"}],"about":[{"href":"http:\/\/staging.ibermusicas.org\/index.php\/wp-json\/wp\/v2\/types\/post"}],"author":[{"embeddable":true,"href":"http:\/\/staging.ibermusicas.org\/index.php\/wp-json\/wp\/v2\/users\/7"}],"replies":[{"embeddable":true,"href":"http:\/\/staging.ibermusicas.org\/index.php\/wp-json\/wp\/v2\/comments?post=21936"}],"version-history":[{"count":1,"href":"http:\/\/staging.ibermusicas.org\/index.php\/wp-json\/wp\/v2\/posts\/21936\/revisions"}],"predecessor-version":[{"id":21937,"href":"http:\/\/staging.ibermusicas.org\/index.php\/wp-json\/wp\/v2\/posts\/21936\/revisions\/21937"}],"wp:featuredmedia":[{"embeddable":true,"href":"http:\/\/staging.ibermusicas.org\/index.php\/wp-json\/wp\/v2\/media\/21934"}],"wp:attachment":[{"href":"http:\/\/staging.ibermusicas.org\/index.php\/wp-json\/wp\/v2\/media?parent=21936"}],"wp:term":[{"taxonomy":"category","embeddable":true,"href":"http:\/\/staging.ibermusicas.org\/index.php\/wp-json\/wp\/v2\/categories?post=21936"},{"taxonomy":"post_tag","embeddable":true,"href":"http:\/\/staging.ibermusicas.org\/index.php\/wp-json\/wp\/v2\/tags?post=21936"}],"curies":[{"name":"wp","href":"https:\/\/api.w.org\/{rel}","templated":true}]}}