{"id":21938,"date":"2025-03-27T17:41:18","date_gmt":"2025-03-27T17:41:18","guid":{"rendered":"http:\/\/staging.ibermusicas.org\/?p=21938"},"modified":"2025-04-08T13:18:26","modified_gmt":"2025-04-08T13:18:26","slug":"encuentro-presencial-con-la-unidad-tecnica-del-programa-ibermusicas-en-panama","status":"publish","type":"post","link":"http:\/\/staging.ibermusicas.org\/index.php\/encuentro-presencial-con-la-unidad-tecnica-del-programa-ibermusicas-en-panama\/","title":{"rendered":"Encuentro presencial con la Unidad T\u00e9cnica del Programa Iberm\u00fasicas en Panam\u00e1"},"content":{"rendered":"<p>En el marco del Vig\u00e9simo Segundo Consejo Intergubernamental del Programa Iberm\u00fasicas a realizarse en la Ciudad de Panam\u00e1, el personal de la Unidad T\u00e9cnica del Programa mantendr\u00e1 un encuentro presencial con el sector musical paname\u00f1o.<\/p>\n<p>Es una excelente oportunidad para que artistas musicales, productores, programadores de festivales y otros actores y agentes del ecosistema musical paname\u00f1o se acerquen a conversar y manifestar sus inquietudes.<\/p>\n<p>El temario girar\u00e1 en torno a:<\/p>\n<p>\u25cf Acciones y alcances del Programa Iberm\u00fasicas<br \/>\n\u25cf Panam\u00e1 en el mapa musical Iberoamericano<br \/>\n\u25cf C\u00f3mo presentarse a las pr\u00f3ximas convocatorias<\/p>\n<p>Tambi\u00e9n se abrir\u00e1 una ronda de preguntas. La entrada ser\u00e1 libre y sin la necesidad de inscripci\u00f3n previa.<\/p>\n<p>\u25cf Mi\u00e9rcoles 2 de abril 10h, Auditorio Roque Cordero de la Ciudad de la Artes, Anc\u00f3n, Llanos de Curundu, Calle 4E, Ciudad de Panam\u00e1<\/p>\n","protected":false},"excerpt":{"rendered":"<p>En el marco del Vig\u00e9simo Segundo Consejo Intergubernamental del Programa Iberm\u00fasicas a realizarse en la Ciudad de Panam\u00e1, el personal de la Unidad T\u00e9cnica del Programa mantendr\u00e1 un encuentro presencial con el sector musical paname\u00f1o. Es una excelente oportunidad para que artistas musicales, productores, programadores de festivales y otros actores y agentes del ecosistema musical [&hellip;]<\/p>\n","protected":false},"author":7,"featured_media":21941,"comment_status":"closed","ping_status":"closed","sticky":false,"template":"","format":"standard","meta":{"footnotes":""},"categories":[53],"tags":[],"class_list":["post-21938","post","type-post","status-publish","format-standard","has-post-thumbnail","hentry","category-noticias-generales"],"lang":"es","translations":{"es":21938},"pll_sync_post":[],"post_mailing_queue_ids":[],"_links":{"self":[{"href":"http:\/\/staging.ibermusicas.org\/index.php\/wp-json\/wp\/v2\/posts\/21938","targetHints":{"allow":["GET"]}}],"collection":[{"href":"http:\/\/staging.ibermusicas.org\/index.php\/wp-json\/wp\/v2\/posts"}],"about":[{"href":"http:\/\/staging.ibermusicas.org\/index.php\/wp-json\/wp\/v2\/types\/post"}],"author":[{"embeddable":true,"href":"http:\/\/staging.ibermusicas.org\/index.php\/wp-json\/wp\/v2\/users\/7"}],"replies":[{"embeddable":true,"href":"http:\/\/staging.ibermusicas.org\/index.php\/wp-json\/wp\/v2\/comments?post=21938"}],"version-history":[{"count":1,"href":"http:\/\/staging.ibermusicas.org\/index.php\/wp-json\/wp\/v2\/posts\/21938\/revisions"}],"predecessor-version":[{"id":21940,"href":"http:\/\/staging.ibermusicas.org\/index.php\/wp-json\/wp\/v2\/posts\/21938\/revisions\/21940"}],"wp:featuredmedia":[{"embeddable":true,"href":"http:\/\/staging.ibermusicas.org\/index.php\/wp-json\/wp\/v2\/media\/21941"}],"wp:attachment":[{"href":"http:\/\/staging.ibermusicas.org\/index.php\/wp-json\/wp\/v2\/media?parent=21938"}],"wp:term":[{"taxonomy":"category","embeddable":true,"href":"http:\/\/staging.ibermusicas.org\/index.php\/wp-json\/wp\/v2\/categories?post=21938"},{"taxonomy":"post_tag","embeddable":true,"href":"http:\/\/staging.ibermusicas.org\/index.php\/wp-json\/wp\/v2\/tags?post=21938"}],"curies":[{"name":"wp","href":"https:\/\/api.w.org\/{rel}","templated":true}]}}