{"id":21942,"date":"2025-03-27T17:45:13","date_gmt":"2025-03-27T17:45:13","guid":{"rendered":"http:\/\/staging.ibermusicas.org\/?p=21942"},"modified":"2025-04-08T13:16:38","modified_gmt":"2025-04-08T13:16:38","slug":"encontro-presencial-com-a-unidade-tecnica-do-programa-ibermusicas-no-panama","status":"publish","type":"post","link":"http:\/\/staging.ibermusicas.org\/index.php\/encontro-presencial-com-a-unidade-tecnica-do-programa-ibermusicas-no-panama\/","title":{"rendered":"Encontro presencial com a Unidade T\u00e9cnica do Programa Iberm\u00fasicas no Panam\u00e1"},"content":{"rendered":"<p>No \u00e2mbito do XXII Conselho Intergovernamental do Programa Iberm\u00fasicas, que ter\u00e1 lugar na Cidade do Panam\u00e1, o pessoal da Unidade T\u00e9cnica do Programa realizar\u00e1 um encontro presencial com o sector musical panamiano.<\/p>\n<p>Trata-se de uma excelente oportunidade para que artistas musicais, produtores, programadores de festivais e outros actores e agentes do ecossistema musical panamiano se re\u00fanam para debater e expressar as suas perguntas.<\/p>\n<p>A agenda se concentrar\u00e1 em:<\/p>\n<p>\u25cf Ac\u00e7\u00f5es e alcances do Programa Iberm\u00fasicas<br \/>\n\u25cf O Panam\u00e1 no mapa musical ibero-americano<br \/>\n\u25cf Como concorrer \u00e0s pr\u00f3ximas convocat\u00f3rias<\/p>\n<p>Haver\u00e1 tamb\u00e9m uma ronda de perguntas. A entrada \u00e9 livre e sem necessidade de inscri\u00e7\u00e3o pr\u00e9via.<\/p>\n<p>\u25cf Quarta-feira, 2 de abril, 10h, Audit\u00f3rio Roque Cordero da Cidade das Artes, Anc\u00f3n, Llanos de Curundu, Calle 4E, Cidade do Panam\u00e1<br \/>\nde Panam\u00e1<\/p>\n","protected":false},"excerpt":{"rendered":"<p>No \u00e2mbito do XXII Conselho Intergovernamental do Programa Iberm\u00fasicas, que ter\u00e1 lugar na Cidade do Panam\u00e1, o pessoal da Unidade T\u00e9cnica do Programa realizar\u00e1 um encontro presencial com o sector musical panamiano. Trata-se de uma excelente oportunidade para que artistas musicais, produtores, programadores de festivais e outros actores e agentes do ecossistema musical panamiano se [&hellip;]<\/p>\n","protected":false},"author":7,"featured_media":21941,"comment_status":"closed","ping_status":"closed","sticky":false,"template":"","format":"standard","meta":{"footnotes":""},"categories":[218],"tags":[],"class_list":["post-21942","post","type-post","status-publish","format-standard","has-post-thumbnail","hentry","category-noticias-generales-pt"],"lang":"pt","translations":{"pt":21942},"pll_sync_post":[],"post_mailing_queue_ids":[],"_links":{"self":[{"href":"http:\/\/staging.ibermusicas.org\/index.php\/wp-json\/wp\/v2\/posts\/21942","targetHints":{"allow":["GET"]}}],"collection":[{"href":"http:\/\/staging.ibermusicas.org\/index.php\/wp-json\/wp\/v2\/posts"}],"about":[{"href":"http:\/\/staging.ibermusicas.org\/index.php\/wp-json\/wp\/v2\/types\/post"}],"author":[{"embeddable":true,"href":"http:\/\/staging.ibermusicas.org\/index.php\/wp-json\/wp\/v2\/users\/7"}],"replies":[{"embeddable":true,"href":"http:\/\/staging.ibermusicas.org\/index.php\/wp-json\/wp\/v2\/comments?post=21942"}],"version-history":[{"count":1,"href":"http:\/\/staging.ibermusicas.org\/index.php\/wp-json\/wp\/v2\/posts\/21942\/revisions"}],"predecessor-version":[{"id":21943,"href":"http:\/\/staging.ibermusicas.org\/index.php\/wp-json\/wp\/v2\/posts\/21942\/revisions\/21943"}],"wp:featuredmedia":[{"embeddable":true,"href":"http:\/\/staging.ibermusicas.org\/index.php\/wp-json\/wp\/v2\/media\/21941"}],"wp:attachment":[{"href":"http:\/\/staging.ibermusicas.org\/index.php\/wp-json\/wp\/v2\/media?parent=21942"}],"wp:term":[{"taxonomy":"category","embeddable":true,"href":"http:\/\/staging.ibermusicas.org\/index.php\/wp-json\/wp\/v2\/categories?post=21942"},{"taxonomy":"post_tag","embeddable":true,"href":"http:\/\/staging.ibermusicas.org\/index.php\/wp-json\/wp\/v2\/tags?post=21942"}],"curies":[{"name":"wp","href":"https:\/\/api.w.org\/{rel}","templated":true}]}}