{"id":21944,"date":"2025-03-27T18:00:25","date_gmt":"2025-03-27T18:00:25","guid":{"rendered":"http:\/\/staging.ibermusicas.org\/?p=21944"},"modified":"2025-04-28T17:58:51","modified_gmt":"2025-04-28T17:58:51","slug":"paty-britez-de-paraguay-presenta-su-proyecto-guarani-purahei-ava-nee-la-lengua-nativa-con-historia-y-cultura-segunda-parte","status":"publish","type":"post","link":"http:\/\/staging.ibermusicas.org\/index.php\/paty-britez-de-paraguay-presenta-su-proyecto-guarani-purahei-ava-nee-la-lengua-nativa-con-historia-y-cultura-segunda-parte\/","title":{"rendered":"Paty Britez de Paraguay presenta su proyecto Guaran\u00ed Purah\u00e8i- Ava \u00d1e\u2019\u1ebd, la Lengua Nativa, con Historia y Cultura\u201d, segunda parte"},"content":{"rendered":"<p>Existe una necesidad de materiales did\u00e1cticos para ense\u00f1ar la lengua guaran\u00ed, es por ello que el Proyecto denominado \u201cGuaran\u00ed Purah\u00e8i- Ava \u00d1e\u2019\u1ebd, la Lengua Nativa, con Historia y\u00a0 Cultura\u201d se propone producir un material discogr\u00e1fico y audiovisual did\u00e1ctico, con temas musicales in\u00e9ditos en lengua guaran\u00ed, dirigido a ni\u00f1os y ni\u00f1as de Paraguay y de toda Iberoam\u00e9rica, con el objeto de difundir esta lengua ancestral latinoamericana y que as\u00ed sea reconocida en el mundo.<\/p>\n<p>&nbsp;<\/p>\n<p>Paraguay tiene como lenguas oficiales el Guaran\u00ed y el Espa\u00f1ol, siendo el guaran\u00ed el idioma nativo de las comunidades. Pero con el correr del tiempo y de las guerras que se dieron en el pa\u00eds, el idioma espa\u00f1ol fue tomando fuerza, inclusive algunos gobiernos llegaron a prohibir el idioma guaran\u00ed, pero eso no impidi\u00f3 que la lengua siguiera viviendo. Hoy en d\u00eda la Educaci\u00f3n en Paraguay es biling\u00fce, en las escuelas se ense\u00f1a el guaran\u00ed desde el nivel inicial hasta la culminaci\u00f3n del bachillerato.<\/p>\n<p>&nbsp;<\/p>\n<p>\u00c9sta propuesta ha sido ganadora de la convocatoria 2024 del Programa Iberm\u00fasicas en la l\u00ednea de Ayuda a proyectos virtuales.<\/p>\n<p>&nbsp;<\/p>\n<ul>\n<li>S\u00e1bado 5 de abril 9h30, Conferencia de prensa en Espacio Cultural \u00abRocemi Arte y Vida\u00bb, Itap\u00faa, Paraguay<\/li>\n<\/ul>\n","protected":false},"excerpt":{"rendered":"<p>Existe una necesidad de materiales did\u00e1cticos para ense\u00f1ar la lengua guaran\u00ed, es por ello que el Proyecto denominado \u201cGuaran\u00ed Purah\u00e8i- Ava \u00d1e\u2019\u1ebd, la Lengua Nativa, con Historia y\u00a0 Cultura\u201d se propone producir un material discogr\u00e1fico y audiovisual did\u00e1ctico, con temas musicales in\u00e9ditos en lengua guaran\u00ed, dirigido a ni\u00f1os y ni\u00f1as de Paraguay y de toda [&hellip;]<\/p>\n","protected":false},"author":7,"featured_media":21945,"comment_status":"closed","ping_status":"closed","sticky":false,"template":"","format":"standard","meta":{"footnotes":""},"categories":[53],"tags":[],"class_list":["post-21944","post","type-post","status-publish","format-standard","has-post-thumbnail","hentry","category-noticias-generales"],"lang":"es","translations":{"es":21944},"pll_sync_post":[],"post_mailing_queue_ids":[],"_links":{"self":[{"href":"http:\/\/staging.ibermusicas.org\/index.php\/wp-json\/wp\/v2\/posts\/21944","targetHints":{"allow":["GET"]}}],"collection":[{"href":"http:\/\/staging.ibermusicas.org\/index.php\/wp-json\/wp\/v2\/posts"}],"about":[{"href":"http:\/\/staging.ibermusicas.org\/index.php\/wp-json\/wp\/v2\/types\/post"}],"author":[{"embeddable":true,"href":"http:\/\/staging.ibermusicas.org\/index.php\/wp-json\/wp\/v2\/users\/7"}],"replies":[{"embeddable":true,"href":"http:\/\/staging.ibermusicas.org\/index.php\/wp-json\/wp\/v2\/comments?post=21944"}],"version-history":[{"count":1,"href":"http:\/\/staging.ibermusicas.org\/index.php\/wp-json\/wp\/v2\/posts\/21944\/revisions"}],"predecessor-version":[{"id":21946,"href":"http:\/\/staging.ibermusicas.org\/index.php\/wp-json\/wp\/v2\/posts\/21944\/revisions\/21946"}],"wp:featuredmedia":[{"embeddable":true,"href":"http:\/\/staging.ibermusicas.org\/index.php\/wp-json\/wp\/v2\/media\/21945"}],"wp:attachment":[{"href":"http:\/\/staging.ibermusicas.org\/index.php\/wp-json\/wp\/v2\/media?parent=21944"}],"wp:term":[{"taxonomy":"category","embeddable":true,"href":"http:\/\/staging.ibermusicas.org\/index.php\/wp-json\/wp\/v2\/categories?post=21944"},{"taxonomy":"post_tag","embeddable":true,"href":"http:\/\/staging.ibermusicas.org\/index.php\/wp-json\/wp\/v2\/tags?post=21944"}],"curies":[{"name":"wp","href":"https:\/\/api.w.org\/{rel}","templated":true}]}}