{"id":21947,"date":"2025-03-27T18:03:39","date_gmt":"2025-03-27T18:03:39","guid":{"rendered":"http:\/\/staging.ibermusicas.org\/?p=21947"},"modified":"2025-04-28T18:26:59","modified_gmt":"2025-04-28T18:26:59","slug":"paty-britez-do-paraguai-apresenta-seu-projeto-guarani-purahei-ava-nee-a-lingua-nativa-com-historia-e-cultura-segunda-parte","status":"publish","type":"post","link":"http:\/\/staging.ibermusicas.org\/index.php\/paty-britez-do-paraguai-apresenta-seu-projeto-guarani-purahei-ava-nee-a-lingua-nativa-com-historia-e-cultura-segunda-parte\/","title":{"rendered":"Paty Britez, do Paraguai, apresenta seu projeto \u201cGuaran\u00ed Purah\u00e8i- Ava \u00d1e&#8217;\u1ebd, a l\u00edngua nativa, com hist\u00f3ria e cultura\u201d, segunda parte"},"content":{"rendered":"<p>H\u00e1 uma necessidade de materiais did\u00e1ticos para o ensino da l\u00edngua guarani, por isso o projeto \u201cGuaran\u00ed Purah\u00e8i- Ava \u00d1e&#8217;\u1ebd, a l\u00edngua nativa, com hist\u00f3ria e cultura\u201d, tem como objetivo produzir material did\u00e1tico discogr\u00e1fico e audiovisual, com temas musicais in\u00e9ditos na l\u00edngua guarani, destinado a crian\u00e7as no Paraguai e em toda a Am\u00e9rica Latina, a fim de divulgar essa l\u00edngua ancestral latino-americana e, assim, torn\u00e1-la conhecida em todo o mundo.<\/p>\n<p>&nbsp;<\/p>\n<p>Os idiomas oficiais do Paraguai s\u00e3o o guarani e o espanhol, sendo o guarani o idioma nativo das comunidades. Mas com o passar do tempo e as guerras que ocorreram no pa\u00eds, o espanhol ganhou for\u00e7a e alguns governos chegaram a proibir o guarani, mas isso n\u00e3o impediu que o idioma continuasse vivo. Hoje, a educa\u00e7\u00e3o no Paraguai \u00e9 bil\u00edngue, e o guarani \u00e9 ensinado nas escolas desde o jardim de inf\u00e2ncia at\u00e9 o final do ensino m\u00e9dio.<\/p>\n<p>&nbsp;<\/p>\n<p>Essa proposta foi a vencedora da chamada 2024 do Programa Iberm\u00fasicas na linha de apoio a projetos virtuais.<\/p>\n<p>&nbsp;<\/p>\n<ul>\n<li>S\u00e1bado, 5 de abril, 9h30, coletiva de imprensa no Espa\u00e7o Cultural \u201cRocemi Arte y Vida\u201d, Itap\u00faa, Paraguai.<\/li>\n<\/ul>\n","protected":false},"excerpt":{"rendered":"<p>H\u00e1 uma necessidade de materiais did\u00e1ticos para o ensino da l\u00edngua guarani, por isso o projeto \u201cGuaran\u00ed Purah\u00e8i- Ava \u00d1e&#8217;\u1ebd, a l\u00edngua nativa, com hist\u00f3ria e cultura\u201d, tem como objetivo produzir material did\u00e1tico discogr\u00e1fico e audiovisual, com temas musicais in\u00e9ditos na l\u00edngua guarani, destinado a crian\u00e7as no Paraguai e em toda a Am\u00e9rica Latina, a [&hellip;]<\/p>\n","protected":false},"author":7,"featured_media":21945,"comment_status":"closed","ping_status":"closed","sticky":false,"template":"","format":"standard","meta":{"footnotes":""},"categories":[218],"tags":[],"class_list":["post-21947","post","type-post","status-publish","format-standard","has-post-thumbnail","hentry","category-noticias-generales-pt"],"lang":"pt","translations":{"pt":21947},"pll_sync_post":[],"post_mailing_queue_ids":[],"_links":{"self":[{"href":"http:\/\/staging.ibermusicas.org\/index.php\/wp-json\/wp\/v2\/posts\/21947","targetHints":{"allow":["GET"]}}],"collection":[{"href":"http:\/\/staging.ibermusicas.org\/index.php\/wp-json\/wp\/v2\/posts"}],"about":[{"href":"http:\/\/staging.ibermusicas.org\/index.php\/wp-json\/wp\/v2\/types\/post"}],"author":[{"embeddable":true,"href":"http:\/\/staging.ibermusicas.org\/index.php\/wp-json\/wp\/v2\/users\/7"}],"replies":[{"embeddable":true,"href":"http:\/\/staging.ibermusicas.org\/index.php\/wp-json\/wp\/v2\/comments?post=21947"}],"version-history":[{"count":1,"href":"http:\/\/staging.ibermusicas.org\/index.php\/wp-json\/wp\/v2\/posts\/21947\/revisions"}],"predecessor-version":[{"id":21948,"href":"http:\/\/staging.ibermusicas.org\/index.php\/wp-json\/wp\/v2\/posts\/21947\/revisions\/21948"}],"wp:featuredmedia":[{"embeddable":true,"href":"http:\/\/staging.ibermusicas.org\/index.php\/wp-json\/wp\/v2\/media\/21945"}],"wp:attachment":[{"href":"http:\/\/staging.ibermusicas.org\/index.php\/wp-json\/wp\/v2\/media?parent=21947"}],"wp:term":[{"taxonomy":"category","embeddable":true,"href":"http:\/\/staging.ibermusicas.org\/index.php\/wp-json\/wp\/v2\/categories?post=21947"},{"taxonomy":"post_tag","embeddable":true,"href":"http:\/\/staging.ibermusicas.org\/index.php\/wp-json\/wp\/v2\/tags?post=21947"}],"curies":[{"name":"wp","href":"https:\/\/api.w.org\/{rel}","templated":true}]}}