{"id":21952,"date":"2025-03-27T18:18:54","date_gmt":"2025-03-27T18:18:54","guid":{"rendered":"http:\/\/staging.ibermusicas.org\/?p=21952"},"modified":"2025-04-28T18:26:31","modified_gmt":"2025-04-28T18:26:31","slug":"a-banda-chilena-kizulariki-continua-com-sua-primeira-turne-internacional-apresentando-se-em-varios-palcos-no-brasil","status":"publish","type":"post","link":"http:\/\/staging.ibermusicas.org\/index.php\/a-banda-chilena-kizulariki-continua-com-sua-primeira-turne-internacional-apresentando-se-em-varios-palcos-no-brasil\/","title":{"rendered":"A banda chilena Kizulariki continua com sua primeira turn\u00ea internacional, apresentando-se em v\u00e1rios palcos no Brasil"},"content":{"rendered":"<p>Kizulariki est\u00e1 lan\u00e7ando seu primeiro projeto internacional, uma turn\u00ea que os levar\u00e1 \u00e0 cidade de S\u00e3o Paulo, no Brasil. A banda, conhecida por sua energia e performance, levar\u00e1 uma parte do Deserto do Atacama e da Cordilheira dos Andes para as margens do Atl\u00e2ntico. Eles far\u00e3o uma homenagem \u00e0s hist\u00f3rias do Peabiru, uma estrada ancestral que ligava os Andes \u00e0s culturas que habitavam o que hoje \u00e9 S\u00e3o Paulo.<\/p>\n<p>&nbsp;<\/p>\n<p>Kizulariki \u00e9 uma banda de funk do deserto do Atacama que funde uma variedade de estilos musicais com uma encena\u00e7\u00e3o poderosa. Kizulariki \u00e9 multiculturalismo. Seus integrantes, vindos de diferentes regi\u00f5es do Chile e do Brasil, trazem diferentes ra\u00edzes culturais. Os integrantes vivem no Atacama, resgatando elementos da cultura local, enquanto outros vivem em S\u00e3o Paulo, trazendo influ\u00eancias brasileiras. Essa mistura se reflete na sonoridade e nas influ\u00eancias r\u00edtmicas da banda, que incorpora elementos como o Choro (Brasil) e a Cueca (Chile), v\u00e1rios instrumentos ind\u00edgenas, conta\u00e7\u00e3o de hist\u00f3rias da cultura andina e colabora\u00e7\u00f5es com artistas latino-americanos e afrodescendentes.<\/p>\n<p>&nbsp;<\/p>\n<p>Esse projeto do Kizulariki foi premiado na chamada 2024 do Programa Iberm\u00fasicas na linha de \u201cApoio \u00e0 circula\u00e7\u00e3o de profissionais da m\u00fasica\u201d.<\/p>\n<p>&nbsp;<\/p>\n<ul>\n<li>06 de abril: \u00abKizulariki en el camino de Peabiru\u00bb ao vivo no Centro Cultural Bananal. S\u00e3o Paulo<\/li>\n<li>09 de abril: \u00abKizulariki no caminho de Peabiru\u00bb ao vivo em Casa Locomotiva, S\u00e3o Paulo.<\/li>\n<li>13 de abril: Show p\u00fablico na Avenida Paulista, S\u00e3o Paulo<\/li>\n<li>17 de abril: \u201cKizulariki no caminho de Peabiru\u201d no SESC Franca.<\/li>\n<li>20 de abril: KIZU FEST II, festival no Projeto Viela, uma ONG em S\u00e3o Paulo<\/li>\n<li>21 de abril: \u201cKizulariki no caminho de Peabiru\u201d no SESC Ipiranga.<\/li>\n<li>27 de abril: Show p\u00fablico na Avenida Paulista, S\u00e3o Paulo.<\/li>\n<li>2 de maio: \u201cKizulariki no caminho de Peabiru\u201d no SESC Birigui<\/li>\n<\/ul>\n","protected":false},"excerpt":{"rendered":"<p>Kizulariki est\u00e1 lan\u00e7ando seu primeiro projeto internacional, uma turn\u00ea que os levar\u00e1 \u00e0 cidade de S\u00e3o Paulo, no Brasil. A banda, conhecida por sua energia e performance, levar\u00e1 uma parte do Deserto do Atacama e da Cordilheira dos Andes para as margens do Atl\u00e2ntico. Eles far\u00e3o uma homenagem \u00e0s hist\u00f3rias do Peabiru, uma estrada ancestral [&hellip;]<\/p>\n","protected":false},"author":7,"featured_media":21950,"comment_status":"closed","ping_status":"closed","sticky":false,"template":"","format":"standard","meta":{"footnotes":""},"categories":[218],"tags":[],"class_list":["post-21952","post","type-post","status-publish","format-standard","has-post-thumbnail","hentry","category-noticias-generales-pt"],"lang":"pt","translations":{"pt":21952},"pll_sync_post":[],"post_mailing_queue_ids":[],"_links":{"self":[{"href":"http:\/\/staging.ibermusicas.org\/index.php\/wp-json\/wp\/v2\/posts\/21952","targetHints":{"allow":["GET"]}}],"collection":[{"href":"http:\/\/staging.ibermusicas.org\/index.php\/wp-json\/wp\/v2\/posts"}],"about":[{"href":"http:\/\/staging.ibermusicas.org\/index.php\/wp-json\/wp\/v2\/types\/post"}],"author":[{"embeddable":true,"href":"http:\/\/staging.ibermusicas.org\/index.php\/wp-json\/wp\/v2\/users\/7"}],"replies":[{"embeddable":true,"href":"http:\/\/staging.ibermusicas.org\/index.php\/wp-json\/wp\/v2\/comments?post=21952"}],"version-history":[{"count":1,"href":"http:\/\/staging.ibermusicas.org\/index.php\/wp-json\/wp\/v2\/posts\/21952\/revisions"}],"predecessor-version":[{"id":21953,"href":"http:\/\/staging.ibermusicas.org\/index.php\/wp-json\/wp\/v2\/posts\/21952\/revisions\/21953"}],"wp:featuredmedia":[{"embeddable":true,"href":"http:\/\/staging.ibermusicas.org\/index.php\/wp-json\/wp\/v2\/media\/21950"}],"wp:attachment":[{"href":"http:\/\/staging.ibermusicas.org\/index.php\/wp-json\/wp\/v2\/media?parent=21952"}],"wp:term":[{"taxonomy":"category","embeddable":true,"href":"http:\/\/staging.ibermusicas.org\/index.php\/wp-json\/wp\/v2\/categories?post=21952"},{"taxonomy":"post_tag","embeddable":true,"href":"http:\/\/staging.ibermusicas.org\/index.php\/wp-json\/wp\/v2\/tags?post=21952"}],"curies":[{"name":"wp","href":"https:\/\/api.w.org\/{rel}","templated":true}]}}