{"id":21959,"date":"2025-03-27T18:24:47","date_gmt":"2025-03-27T18:24:47","guid":{"rendered":"http:\/\/staging.ibermusicas.org\/?p=21959"},"modified":"2025-04-28T17:58:20","modified_gmt":"2025-04-28T17:58:20","slug":"llega-a-peru-la-nueva-edicion-del-encuentro-pumpumyachkan-tinkuy-2025","status":"publish","type":"post","link":"http:\/\/staging.ibermusicas.org\/index.php\/llega-a-peru-la-nueva-edicion-del-encuentro-pumpumyachkan-tinkuy-2025\/","title":{"rendered":"Llega a Per\u00fa la nueva edici\u00f3n del encuentro Pumpumyachkan tinkuy 2025"},"content":{"rendered":"<p>Pumpumyachkan tinkuy es un tiempo y espacio de encuentro y reencuentro en territorio andino, dedicado a la investigaci\u00f3n, la difusi\u00f3n, la realizaci\u00f3n y la transferencia de saberes, conocimientos y experiencias en la creaci\u00f3n musical, sonora y audiovisual. Hace foco en las tecnolog\u00edas y en las comunidades que las practican y desarrollan, reuniendo personas, colectivos y proyectos que desde la experimentaci\u00f3n con estas herramientas, exploran tem\u00e1ticas relativas a sus propios territorios, la memoria y las crisis contempor\u00e1neas.<\/p>\n<p>&nbsp;<\/p>\n<p>El tinkuy propone tambi\u00e9n atenci\u00f3n al impacto de \u00e9stas herramientas en los propios cuerpos y territorios, sus v\u00ednculos con las tecnolog\u00edas locales, el uso y desarrollo de tecnolog\u00edas libres, y los sentires y emociones que surgen cuando las personas se encuentran a compartir estos temas.<\/p>\n<p>&nbsp;<\/p>\n<p>Este Encuentro busca acercar disciplinas y estimular reflexiones en torno a la M\u00fasica Contempor\u00e1nea, el sonido m\u00e1s all\u00e1 de ella, la tecnolog\u00eda como puente de conocimiento, y la cultura libre como estrategia de sostenimiento y desarrollo. La cultura libre juega un papel fundamental, ya que impulsa procesos abiertos de exploraci\u00f3n creativa y vincula mundos tan diversos como complementarios, sustentando valores como la colaboraci\u00f3n, la construcci\u00f3n de comunidad y el respeto por las diversidades.<\/p>\n<p>&nbsp;<\/p>\n<p>En este contexto, y gracias al apoyo de Iberm\u00fasicas, se presentar\u00e1n los talleres \u00abTaller de experimentaci\u00f3n y dise\u00f1o de circuitos electr\u00f3nicos musicales\u00bb y \u00abSistemas modulares, sintetizadores anal\u00f3gicos y digitales\u00bb, facilitado por Circuito Sonoro Lab y el taller \u00abResistencia y Conectividad: Proceso de Creaci\u00f3n de la Performance Sonora Resistires\u201d, a cargo de Cristina Collazos.<\/p>\n<p>&nbsp;<\/p>\n<p>Circuito Sonoro Lab, es un proyecto colombiano, pionero y colaborativo creado por Ximena Delat y Laura Katic, ambas con m\u00e1s de 15 a\u00f1os de experiencia en el campo de la m\u00fasica, el dise\u00f1o sonoro, y la luther\u00eda electr\u00f3nica. Ximena Delat, reconocida por haber construido el primer sintetizador modular colombiano, aporta su experiencia en la creaci\u00f3n de m\u00e1quinas de sonido y proyectos art\u00edsticos, mientras que Laura Katic, como dise\u00f1adora sonora y productora musical, enriquece el laboratorio con su conocimiento en la producci\u00f3n y exploraci\u00f3n de nuevas herramientas sonoras. Ambas integran el d\u00fao Caperooza, quienes tambi\u00e9n dar\u00e1n un concierto en el contexto del encuentro.<\/p>\n<p>&nbsp;<\/p>\n<p>Cristina Collazos, es una artista boliviana, quien desde la experimentaci\u00f3n tecnol\u00f3gica y material, reflexiona sobre nuevas miradas, percepciones y relaciones del ser humano hacia el planeta, sus elementos y habitantes. Su producci\u00f3n sonora se centra en la experimentaci\u00f3n con diferentes dispositivos electr\u00f3nicos anal\u00f3gicos DIY, recolecciones sonoras y materiales de diferentes salidas a territorio. Le interesa reflexionar acerca de las t\u00e9cnicas y sistemas intr\u00ednsecos a la existencia de las especies que habitan el planeta, en relaci\u00f3n a la tecnolog\u00eda contempor\u00e1nea. Tambi\u00e9n dar\u00e1 un concierto en el contexto del encuentro.<\/p>\n<p>&nbsp;<\/p>\n<p>Pumpumyachkan tinkuy es un proyecto ganador de la convocatoria 2024 del Programa Iberm\u00fasicas en su l\u00ednea de \u201cAyuda a la programaci\u00f3n musical\u201d.<\/p>\n<p>&nbsp;<\/p>\n<ul>\n<li>Del 7 al 12 de abril: Pumpumyachkan wasichay, Ayllupampa baja, Urubamba, Cusco, Per\u00fa<\/li>\n<\/ul>\n<p>M\u00e1s informaci\u00f3n en: <a href=\"https:\/\/asimtria.org\/pumpum\">https:\/\/asimtria.org\/pumpum<\/a><\/p>\n","protected":false},"excerpt":{"rendered":"<p>Pumpumyachkan tinkuy es un tiempo y espacio de encuentro y reencuentro en territorio andino, dedicado a la investigaci\u00f3n, la difusi\u00f3n, la realizaci\u00f3n y la transferencia de saberes, conocimientos y experiencias en la creaci\u00f3n musical, sonora y audiovisual. Hace foco en las tecnolog\u00edas y en las comunidades que las practican y desarrollan, reuniendo personas, colectivos y [&hellip;]<\/p>\n","protected":false},"author":7,"featured_media":21960,"comment_status":"closed","ping_status":"closed","sticky":false,"template":"","format":"standard","meta":{"footnotes":""},"categories":[53],"tags":[],"class_list":["post-21959","post","type-post","status-publish","format-standard","has-post-thumbnail","hentry","category-noticias-generales"],"lang":"es","translations":{"es":21959},"pll_sync_post":[],"post_mailing_queue_ids":[],"_links":{"self":[{"href":"http:\/\/staging.ibermusicas.org\/index.php\/wp-json\/wp\/v2\/posts\/21959","targetHints":{"allow":["GET"]}}],"collection":[{"href":"http:\/\/staging.ibermusicas.org\/index.php\/wp-json\/wp\/v2\/posts"}],"about":[{"href":"http:\/\/staging.ibermusicas.org\/index.php\/wp-json\/wp\/v2\/types\/post"}],"author":[{"embeddable":true,"href":"http:\/\/staging.ibermusicas.org\/index.php\/wp-json\/wp\/v2\/users\/7"}],"replies":[{"embeddable":true,"href":"http:\/\/staging.ibermusicas.org\/index.php\/wp-json\/wp\/v2\/comments?post=21959"}],"version-history":[{"count":1,"href":"http:\/\/staging.ibermusicas.org\/index.php\/wp-json\/wp\/v2\/posts\/21959\/revisions"}],"predecessor-version":[{"id":21961,"href":"http:\/\/staging.ibermusicas.org\/index.php\/wp-json\/wp\/v2\/posts\/21959\/revisions\/21961"}],"wp:featuredmedia":[{"embeddable":true,"href":"http:\/\/staging.ibermusicas.org\/index.php\/wp-json\/wp\/v2\/media\/21960"}],"wp:attachment":[{"href":"http:\/\/staging.ibermusicas.org\/index.php\/wp-json\/wp\/v2\/media?parent=21959"}],"wp:term":[{"taxonomy":"category","embeddable":true,"href":"http:\/\/staging.ibermusicas.org\/index.php\/wp-json\/wp\/v2\/categories?post=21959"},{"taxonomy":"post_tag","embeddable":true,"href":"http:\/\/staging.ibermusicas.org\/index.php\/wp-json\/wp\/v2\/tags?post=21959"}],"curies":[{"name":"wp","href":"https:\/\/api.w.org\/{rel}","templated":true}]}}