{"id":21962,"date":"2025-03-27T18:26:52","date_gmt":"2025-03-27T18:26:52","guid":{"rendered":"http:\/\/staging.ibermusicas.org\/?p=21962"},"modified":"2025-04-28T18:26:17","modified_gmt":"2025-04-28T18:26:17","slug":"a-nova-edicao-do-pumpumyachkan-tinkuy-2025-chega-ao-peru","status":"publish","type":"post","link":"http:\/\/staging.ibermusicas.org\/index.php\/a-nova-edicao-do-pumpumyachkan-tinkuy-2025-chega-ao-peru\/","title":{"rendered":"A nova edi\u00e7\u00e3o do Pumpumyachkan tinkuy 2025 chega ao Peru"},"content":{"rendered":"<p>O Pumpumyachkan tinkuy \u00e9 um tempo e um espa\u00e7o de encontro e reencontro em territ\u00f3rio andino, dedicado \u00e0 pesquisa, divulga\u00e7\u00e3o, produ\u00e7\u00e3o e transfer\u00eancia de conhecimentos, saberes e experi\u00eancias em cria\u00e7\u00e3o musical, sonora e audiovisual. Seu foco s\u00e3o as tecnologias e as comunidades que as praticam e desenvolvem, reunindo pessoas, coletivos e projetos que, por meio da experimenta\u00e7\u00e3o dessas ferramentas, exploram temas relacionados a seus pr\u00f3prios territ\u00f3rios, \u00e0 mem\u00f3ria e \u00e0s crises contempor\u00e2neas.<\/p>\n<p>&nbsp;<\/p>\n<p>O Tinkuy tamb\u00e9m se prop\u00f5e a prestar aten\u00e7\u00e3o ao impacto dessas ferramentas em seus pr\u00f3prios corpos e territ\u00f3rios, seus v\u00ednculos com as tecnologias locais, o uso e o desenvolvimento de tecnologias livres e os sentimentos e emo\u00e7\u00f5es que surgem quando as pessoas se encontram para compartilhar essas quest\u00f5es.<\/p>\n<p>&nbsp;<\/p>\n<p>Este Encontro busca reunir disciplinas e estimular reflex\u00f5es sobre a M\u00fasica Contempor\u00e2nea, o som al\u00e9m dela, a tecnologia como ponte de conhecimento e a cultura livre como estrat\u00e9gia de sustentabilidade e desenvolvimento. A cultura livre desempenha um papel fundamental, pois promove processos abertos de explora\u00e7\u00e3o criativa e conecta mundos que s\u00e3o t\u00e3o diversos quanto complementares, apoiando valores como colabora\u00e7\u00e3o, constru\u00e7\u00e3o de comunidades e respeito \u00e0 diversidade.<\/p>\n<p>&nbsp;<\/p>\n<p>Nesse contexto, e gra\u00e7as ao apoio do Iberm\u00fasicas, ser\u00e3o apresentados os workshops \u201cOficina sobre experimenta\u00e7\u00e3o e desenvolvimento de circuitos de m\u00fasica eletr\u00f4nica\u201d e \u201cSistemas modulares, sintetizadores anal\u00f3gicos e digitais\u201d, facilitados pelo Circuito Sonoro Lab, e a oficina \u201cResist\u00eancia e conectividade: processo de cria\u00e7\u00e3o da Performance Sonora Resistires\u201d, de Cristina Collazos.<\/p>\n<p>&nbsp;<\/p>\n<p>O Circuito Sonoro Lab \u00e9 um projeto colombiano pioneiro e colaborativo criado por Ximena Delat e Laura Katic, ambas com mais de 15 anos de experi\u00eancia no campo da m\u00fasica, design de som e luteria eletr\u00f4nica. Ximena Delat, conhecida por ter constru\u00eddo o primeiro sintetizador modular colombiano, traz sua experi\u00eancia na cria\u00e7\u00e3o de m\u00e1quinas sonoras e projetos art\u00edsticos, enquanto Laura Katic, como designer de som e produtora musical, enriquece o laborat\u00f3rio com seu conhecimento na produ\u00e7\u00e3o e explora\u00e7\u00e3o de novas ferramentas sonoras. Ambas s\u00e3o membros da dupla Caperooza, que tamb\u00e9m far\u00e1 um show no contexto do encontro.<\/p>\n<p>&nbsp;<\/p>\n<p>Cristina Collazos \u00e9 uma artista boliviana que, por meio de experimentos tecnol\u00f3gicos e materiais, reflete sobre novas vis\u00f5es, percep\u00e7\u00f5es e rela\u00e7\u00f5es humanas com o planeta, seus elementos e habitantes. Sua produ\u00e7\u00e3o sonora se concentra na experimenta\u00e7\u00e3o com diferentes dispositivos eletr\u00f4nicos anal\u00f3gicos DIY, cole\u00e7\u00f5es de sons e materiais de diferentes lugares do territ\u00f3rio. Ela est\u00e1 interessada em refletir sobre as t\u00e9cnicas e sistemas intr\u00ednsecos \u00e0 exist\u00eancia das esp\u00e9cies que habitam o planeta, em rela\u00e7\u00e3o \u00e0 tecnologia contempor\u00e2nea. Ela tamb\u00e9m far\u00e1 um concerto no contexto do encontro.<\/p>\n<p>&nbsp;<\/p>\n<p>Pumpumyachkan tinkuy \u00e9 um projeto vencedor da chamda 2024 do Programa Iberm\u00fasicas em sua linha de \u201cApoio \u00e0 programa\u00e7\u00e3o musical\u201d.<\/p>\n<p>&nbsp;<\/p>\n<ul>\n<li>7-12 de abril: Pumpumyachkan wasichay, Ayllupampa baja, Urubamba, Cusco, Peru.<\/li>\n<li>Mais informa\u00e7\u00f5es em: <a href=\"https:\/\/asimtria.org\/pumpum\">https:\/\/asimtria.org\/pumpum<\/a><\/li>\n<\/ul>\n","protected":false},"excerpt":{"rendered":"<p>O Pumpumyachkan tinkuy \u00e9 um tempo e um espa\u00e7o de encontro e reencontro em territ\u00f3rio andino, dedicado \u00e0 pesquisa, divulga\u00e7\u00e3o, produ\u00e7\u00e3o e transfer\u00eancia de conhecimentos, saberes e experi\u00eancias em cria\u00e7\u00e3o musical, sonora e audiovisual. Seu foco s\u00e3o as tecnologias e as comunidades que as praticam e desenvolvem, reunindo pessoas, coletivos e projetos que, por meio [&hellip;]<\/p>\n","protected":false},"author":7,"featured_media":21960,"comment_status":"closed","ping_status":"closed","sticky":false,"template":"","format":"standard","meta":{"footnotes":""},"categories":[218],"tags":[],"class_list":["post-21962","post","type-post","status-publish","format-standard","has-post-thumbnail","hentry","category-noticias-generales-pt"],"lang":"pt","translations":{"pt":21962},"pll_sync_post":[],"post_mailing_queue_ids":[],"_links":{"self":[{"href":"http:\/\/staging.ibermusicas.org\/index.php\/wp-json\/wp\/v2\/posts\/21962","targetHints":{"allow":["GET"]}}],"collection":[{"href":"http:\/\/staging.ibermusicas.org\/index.php\/wp-json\/wp\/v2\/posts"}],"about":[{"href":"http:\/\/staging.ibermusicas.org\/index.php\/wp-json\/wp\/v2\/types\/post"}],"author":[{"embeddable":true,"href":"http:\/\/staging.ibermusicas.org\/index.php\/wp-json\/wp\/v2\/users\/7"}],"replies":[{"embeddable":true,"href":"http:\/\/staging.ibermusicas.org\/index.php\/wp-json\/wp\/v2\/comments?post=21962"}],"version-history":[{"count":1,"href":"http:\/\/staging.ibermusicas.org\/index.php\/wp-json\/wp\/v2\/posts\/21962\/revisions"}],"predecessor-version":[{"id":21963,"href":"http:\/\/staging.ibermusicas.org\/index.php\/wp-json\/wp\/v2\/posts\/21962\/revisions\/21963"}],"wp:featuredmedia":[{"embeddable":true,"href":"http:\/\/staging.ibermusicas.org\/index.php\/wp-json\/wp\/v2\/media\/21960"}],"wp:attachment":[{"href":"http:\/\/staging.ibermusicas.org\/index.php\/wp-json\/wp\/v2\/media?parent=21962"}],"wp:term":[{"taxonomy":"category","embeddable":true,"href":"http:\/\/staging.ibermusicas.org\/index.php\/wp-json\/wp\/v2\/categories?post=21962"},{"taxonomy":"post_tag","embeddable":true,"href":"http:\/\/staging.ibermusicas.org\/index.php\/wp-json\/wp\/v2\/tags?post=21962"}],"curies":[{"name":"wp","href":"https:\/\/api.w.org\/{rel}","templated":true}]}}