{"id":21969,"date":"2025-03-27T18:36:46","date_gmt":"2025-03-27T18:36:46","guid":{"rendered":"http:\/\/staging.ibermusicas.org\/?p=21969"},"modified":"2025-04-28T17:58:05","modified_gmt":"2025-04-28T17:58:05","slug":"el-compositor-mexicano-victor-ibarra-inicia-su-residencia-geografias-de-la-memoria-con-el-ensemble-metis-en-niza-francia","status":"publish","type":"post","link":"http:\/\/staging.ibermusicas.org\/index.php\/el-compositor-mexicano-victor-ibarra-inicia-su-residencia-geografias-de-la-memoria-con-el-ensemble-metis-en-niza-francia\/","title":{"rendered":"El compositor mexicano V\u00edctor Ibarra inicia su residencia \u201cGeograf\u00edas de la Memoria\u201d con el Ensemble M\u00eatis en Niza, Francia"},"content":{"rendered":"<p>Geograf\u00edas de la Memoria es una residencia que tiene por objeto la creaci\u00f3n de una nueva obra original para el ensamble franc\u00e9s M\u00eatis. La obra ser\u00e1 concluida, corregida, ensayada y estrenada durante la residencia art\u00edstica. La pieza estar\u00e1 escrita para un efectivo instrumental de flauta, saxof\u00f3n, viol\u00edn, viola y piano.<\/p>\n<p>&nbsp;<\/p>\n<p>La pieza surge a partir de una reflexi\u00f3n a prop\u00f3sito de la manera en la que un cuerpo de agua puede representar la idea de una divisi\u00f3n geogr\u00e1fica, de identidad, cultural y conceptual, testimoniando la forma en la que el ser humano asume, quiz\u00e1s algunas veces de manera inconsciente, alguna de las manifestaciones de la naturaleza como un s\u00edmbolo, atribuy\u00e9ndoles a \u00e9stas un significado. Los distintos cuerpos de agua \u2013que pueden variar a trav\u00e9s de los a\u00f1os por distintas circunstancias: cambios clim\u00e1ticos, desplazamientos tect\u00f3nicos, etc.\u2013 han sido asumidos hist\u00f3ricamente por el ser humano como una separaci\u00f3n territorial e incluso de identidad.<\/p>\n<p>&nbsp;<\/p>\n<p>De origen mexicano, V\u00edctor Ibarra ha experimentado, en su vasta formaci\u00f3n, tanto en su pa\u00eds natal como en Francia y Suiza, las ense\u00f1anzas de maestros como Hebert V\u00e1zquez, Jos\u00e9 Luis Castillo, Edith Lejet, Daniel D\u2019Adamo o Michael Jarrell, recibiendo, entre otros, los siguientes reconocimientos internacionales: el primer premio del concurso Alea III en Estados Unidos, el primer premio del concurso Auditorio Nacional de M\u00fasica \u2013 Fundaci\u00f3n BBVA en Espa\u00f1a, el primer premio del concurso Mauricio Kagel, el Premio Zeitklang en Austria o el primer premio del Basel Composition Competition en Suiza. Ha sido seleccionado en el 7\u00ba Foro internacional de J\u00f3venes compositores del Ensemble Aleph. Es miembro de la Casa de Vel\u00e1zquez \u2013 Academia de Francia en Madrid. Ha concluido su Maestr\u00eda en Composici\u00f3n en el Conservatorio Nacional Superior de M\u00fasica y Danza de Lyon obteniendo el primer premio por unanimidad y el reconocimiento de la fundaci\u00f3n Salabert. Es miembro del Sistema Nacional de Creadores de Arte del Fondo Nacional para la Cultura y las Artes de M\u00e9xico. Desde 2017 es profesor de Composici\u00f3n y Orquestaci\u00f3n en el Departamento de M\u00fasica de la Universidad de Guanajuato.<\/p>\n<p>&nbsp;<\/p>\n<p>Fundado en 2024, el Ensemble M\u00e9tis emerge como un actor importante de la escena musical contempor\u00e1nea en Niza. El nombre del grupo, M\u00eatis, hace referencia a la Oce\u00e1nide de la mitolog\u00eda griega y obtiene su fuerza de la diversidad de sus miembros, procedentes de diferentes horizontes, lo que le confiere una riqueza cultural singular. Esta diversidad constituye la fuente misma de su nombre y de sus inspiraciones art\u00edsticas, que est\u00e1n profundamente arraigadas en el caldo de cultivo cultural de la ciudad. Gracias a esta identidad plural, el Ensemble M\u00e9tis teje estrechos v\u00ednculos con los principales eventos de la ciudad, como el festival Horizon \u00c9tendu, y se compromete en fruct\u00edferas colaboraciones con la nueva generaci\u00f3n de compositores, as\u00ed como con compositores de renombre internacional Como embajadores de la m\u00fasica contempor\u00e1nea, la misi\u00f3n principal del Ensemble M\u00e9tis es la creaci\u00f3n y difusi\u00f3n de obras innovadoras. Impulsado por la visi\u00f3n del compositor Alireza Farhang, re\u00fane a m\u00fasicos em\u00e9ritos, a saber, el flautista Mario Caroli, el pianista Stephanos Thomopoulos, la violinista Violaine Darmon, el saxofonista Alberto Chaves, la violista Yona Zekri, entre otros. Juntos, trabajan activamente en la promoci\u00f3n de la creaci\u00f3n musical contempor\u00e1nea y se comprometen plenamente con el florecimiento de nuevos talentos.<\/p>\n<p>&nbsp;<\/p>\n<p>Este proyecto, impulsado por un compositor y ocho int\u00e9rpretes de alto nivel, y que ha resultado premiado por el Programa Iberm\u00fasicas en la l\u00ednea de \u201cAyuda a artistas e investigadores para residencias\u201d, convocatoria 2024, simboliza un nuevo comienzo, reforzando as\u00ed los v\u00ednculos con las instituciones y los actores culturales locales, nacionales e internacionales, dentro de un ecosistema art\u00edstico din\u00e1mico y f\u00e9rtil.<\/p>\n<p>&nbsp;<\/p>\n<ul>\n<li>Del 13 de abril al 4 de mayo en Niza, Francia<\/li>\n<\/ul>\n","protected":false},"excerpt":{"rendered":"<p>Geograf\u00edas de la Memoria es una residencia que tiene por objeto la creaci\u00f3n de una nueva obra original para el ensamble franc\u00e9s M\u00eatis. La obra ser\u00e1 concluida, corregida, ensayada y estrenada durante la residencia art\u00edstica. La pieza estar\u00e1 escrita para un efectivo instrumental de flauta, saxof\u00f3n, viol\u00edn, viola y piano. &nbsp; La pieza surge a [&hellip;]<\/p>\n","protected":false},"author":7,"featured_media":21970,"comment_status":"closed","ping_status":"closed","sticky":false,"template":"","format":"standard","meta":{"footnotes":""},"categories":[53],"tags":[],"class_list":["post-21969","post","type-post","status-publish","format-standard","has-post-thumbnail","hentry","category-noticias-generales"],"lang":"es","translations":{"es":21969},"pll_sync_post":[],"post_mailing_queue_ids":[],"_links":{"self":[{"href":"http:\/\/staging.ibermusicas.org\/index.php\/wp-json\/wp\/v2\/posts\/21969","targetHints":{"allow":["GET"]}}],"collection":[{"href":"http:\/\/staging.ibermusicas.org\/index.php\/wp-json\/wp\/v2\/posts"}],"about":[{"href":"http:\/\/staging.ibermusicas.org\/index.php\/wp-json\/wp\/v2\/types\/post"}],"author":[{"embeddable":true,"href":"http:\/\/staging.ibermusicas.org\/index.php\/wp-json\/wp\/v2\/users\/7"}],"replies":[{"embeddable":true,"href":"http:\/\/staging.ibermusicas.org\/index.php\/wp-json\/wp\/v2\/comments?post=21969"}],"version-history":[{"count":1,"href":"http:\/\/staging.ibermusicas.org\/index.php\/wp-json\/wp\/v2\/posts\/21969\/revisions"}],"predecessor-version":[{"id":21971,"href":"http:\/\/staging.ibermusicas.org\/index.php\/wp-json\/wp\/v2\/posts\/21969\/revisions\/21971"}],"wp:featuredmedia":[{"embeddable":true,"href":"http:\/\/staging.ibermusicas.org\/index.php\/wp-json\/wp\/v2\/media\/21970"}],"wp:attachment":[{"href":"http:\/\/staging.ibermusicas.org\/index.php\/wp-json\/wp\/v2\/media?parent=21969"}],"wp:term":[{"taxonomy":"category","embeddable":true,"href":"http:\/\/staging.ibermusicas.org\/index.php\/wp-json\/wp\/v2\/categories?post=21969"},{"taxonomy":"post_tag","embeddable":true,"href":"http:\/\/staging.ibermusicas.org\/index.php\/wp-json\/wp\/v2\/tags?post=21969"}],"curies":[{"name":"wp","href":"https:\/\/api.w.org\/{rel}","templated":true}]}}